{"id":14448,"date":"2014-06-27T08:26:23","date_gmt":"2014-06-27T11:26:23","guid":{"rendered":"https:\/\/gilfuentes.com.br\/novo\/?p=14448"},"modified":"2014-06-27T08:36:00","modified_gmt":"2014-06-27T11:36:00","slug":"64-anos-de-willy-damasceno","status":"publish","type":"post","link":"https:\/\/gilfuentes.com.br\/novo\/64-anos-de-willy-damasceno","title":{"rendered":"64 anos de Willy Damasceno"},"content":{"rendered":"<p>O colunista mogiano Willy Damasceno reuniu amigos para comemorar sua idade nova, no T\u00eanis Clube de Mogi das Cruzes. A noite contou com diferentes ilhas gastron\u00f4micas, que passearam por saborosos pratos das mais variadas culin\u00e1rias. Willy \u00e9 muito querido e respeitado no circuito regional. Veja algumas fotos:<\/p>\n<p>&nbsp;<\/p>\n<p>Fotos: Eduardo Romano<\/p>\n<p>&nbsp;<\/p>\n<p><a href=\"https:\/\/gilfuentes.com.br\/novo\/wp-content\/uploads\/2014\/06\/Silvino-e-Heloisa-Melo.jpg\"><img loading=\"lazy\" decoding=\"async\" class=\"alignnone  wp-image-14466\" alt=\"Silvino e Heloisa Melo\" src=\"https:\/\/gilfuentes.com.br\/novo\/wp-content\/uploads\/2014\/06\/Silvino-e-Heloisa-Melo.jpg\" width=\"560\" height=\"416\" srcset=\"https:\/\/gilfuentes.com.br\/novo\/wp-content\/uploads\/2014\/06\/Silvino-e-Heloisa-Melo.jpg 800w, https:\/\/gilfuentes.com.br\/novo\/wp-content\/uploads\/2014\/06\/Silvino-e-Heloisa-Melo-336x250.jpg 336w\" sizes=\"auto, (max-width: 560px) 100vw, 560px\" \/><\/a><\/p>\n<p>&nbsp;<\/p>\n<p><a href=\"https:\/\/gilfuentes.com.br\/novo\/wp-content\/uploads\/2014\/06\/Rodolfo-Nascimento-e-Dani-Manna.jpg\"><img loading=\"lazy\" decoding=\"async\" class=\"alignnone  wp-image-14465\" alt=\"Rodolfo Nascimento e Dani Manna\" src=\"https:\/\/gilfuentes.com.br\/novo\/wp-content\/uploads\/2014\/06\/Rodolfo-Nascimento-e-Dani-Manna.jpg\" width=\"560\" height=\"373\" srcset=\"https:\/\/gilfuentes.com.br\/novo\/wp-content\/uploads\/2014\/06\/Rodolfo-Nascimento-e-Dani-Manna.jpg 800w, https:\/\/gilfuentes.com.br\/novo\/wp-content\/uploads\/2014\/06\/Rodolfo-Nascimento-e-Dani-Manna-375x250.jpg 375w\" sizes=\"auto, (max-width: 560px) 100vw, 560px\" \/><\/a><\/p>\n<p>&nbsp;<\/p>\n<p><a href=\"https:\/\/gilfuentes.com.br\/novo\/wp-content\/uploads\/2014\/06\/Leticia-Aguiar-Silvia-Aguiar-Ailton-e-Marilia-Aguiar.jpg\"><img loading=\"lazy\" decoding=\"async\" class=\"alignnone  wp-image-14464\" alt=\"Leticia Aguiar, Silvia Aguiar, Ailton e Marilia Aguiar\" src=\"https:\/\/gilfuentes.com.br\/novo\/wp-content\/uploads\/2014\/06\/Leticia-Aguiar-Silvia-Aguiar-Ailton-e-Marilia-Aguiar.jpg\" width=\"560\" height=\"373\" srcset=\"https:\/\/gilfuentes.com.br\/novo\/wp-content\/uploads\/2014\/06\/Leticia-Aguiar-Silvia-Aguiar-Ailton-e-Marilia-Aguiar.jpg 800w, https:\/\/gilfuentes.com.br\/novo\/wp-content\/uploads\/2014\/06\/Leticia-Aguiar-Silvia-Aguiar-Ailton-e-Marilia-Aguiar-375x250.jpg 375w\" sizes=\"auto, (max-width: 560px) 100vw, 560px\" \/><\/a><\/p>\n<p>&nbsp;<\/p>\n<p><a href=\"https:\/\/gilfuentes.com.br\/novo\/wp-content\/uploads\/2014\/06\/Jos\u00e9-Raimundo-de-Ara\u00fajo-Diniz-e-Tiyoko-Luzia-Abe-Diniz.jpg\"><img loading=\"lazy\" decoding=\"async\" class=\"alignnone  wp-image-14463\" alt=\"Jos\u00e9 Raimundo de Ara\u00fajo Diniz e Tiyoko Luzia Abe Diniz\" src=\"https:\/\/gilfuentes.com.br\/novo\/wp-content\/uploads\/2014\/06\/Jos\u00e9-Raimundo-de-Ara\u00fajo-Diniz-e-Tiyoko-Luzia-Abe-Diniz.jpg\" width=\"560\" height=\"373\" srcset=\"https:\/\/gilfuentes.com.br\/novo\/wp-content\/uploads\/2014\/06\/Jos\u00e9-Raimundo-de-Ara\u00fajo-Diniz-e-Tiyoko-Luzia-Abe-Diniz.jpg 800w, https:\/\/gilfuentes.com.br\/novo\/wp-content\/uploads\/2014\/06\/Jos\u00e9-Raimundo-de-Ara\u00fajo-Diniz-e-Tiyoko-Luzia-Abe-Diniz-375x250.jpg 375w\" sizes=\"auto, (max-width: 560px) 100vw, 560px\" \/><\/a><\/p>\n<p>&nbsp;<\/p>\n<p><a href=\"https:\/\/gilfuentes.com.br\/novo\/wp-content\/uploads\/2014\/06\/Claudete-Finardi-e-Theresinha-Maschietto.jpg\"><img loading=\"lazy\" decoding=\"async\" class=\"alignnone  wp-image-14462\" alt=\"Claudete Finardi e Theresinha Maschietto\" src=\"https:\/\/gilfuentes.com.br\/novo\/wp-content\/uploads\/2014\/06\/Claudete-Finardi-e-Theresinha-Maschietto.jpg\" width=\"560\" height=\"373\" srcset=\"https:\/\/gilfuentes.com.br\/novo\/wp-content\/uploads\/2014\/06\/Claudete-Finardi-e-Theresinha-Maschietto.jpg 800w, https:\/\/gilfuentes.com.br\/novo\/wp-content\/uploads\/2014\/06\/Claudete-Finardi-e-Theresinha-Maschietto-375x250.jpg 375w\" sizes=\"auto, (max-width: 560px) 100vw, 560px\" \/><\/a><\/p>\n<p>&nbsp;<\/p>\n<p><a href=\"https:\/\/gilfuentes.com.br\/novo\/wp-content\/uploads\/2014\/06\/Bolo.jpg\"><img loading=\"lazy\" decoding=\"async\" class=\"alignnone  wp-image-14461\" alt=\"Bolo\" src=\"https:\/\/gilfuentes.com.br\/novo\/wp-content\/uploads\/2014\/06\/Bolo.jpg\" width=\"560\" height=\"373\" srcset=\"https:\/\/gilfuentes.com.br\/novo\/wp-content\/uploads\/2014\/06\/Bolo.jpg 800w, https:\/\/gilfuentes.com.br\/novo\/wp-content\/uploads\/2014\/06\/Bolo-375x250.jpg 375w\" sizes=\"auto, (max-width: 560px) 100vw, 560px\" \/><\/a><\/p>\n<p>&nbsp;<\/p>\n<p><a href=\"https:\/\/gilfuentes.com.br\/novo\/wp-content\/uploads\/2014\/06\/Adelaide-Gomes-e-Marcos-Martin.jpg\"><img loading=\"lazy\" decoding=\"async\" class=\"alignnone  wp-image-14460\" alt=\"Adelaide Gomes e Marcos Martin\" src=\"https:\/\/gilfuentes.com.br\/novo\/wp-content\/uploads\/2014\/06\/Adelaide-Gomes-e-Marcos-Martin.jpg\" width=\"560\" height=\"808\" srcset=\"https:\/\/gilfuentes.com.br\/novo\/wp-content\/uploads\/2014\/06\/Adelaide-Gomes-e-Marcos-Martin.jpg 800w, https:\/\/gilfuentes.com.br\/novo\/wp-content\/uploads\/2014\/06\/Adelaide-Gomes-e-Marcos-Martin-173x250.jpg 173w, https:\/\/gilfuentes.com.br\/novo\/wp-content\/uploads\/2014\/06\/Adelaide-Gomes-e-Marcos-Martin-709x1024.jpg 709w\" sizes=\"auto, (max-width: 560px) 100vw, 560px\" \/><\/a><\/p>\n<p>&nbsp;<\/p>\n<p>&nbsp;<\/p>\n","protected":false},"excerpt":{"rendered":"<p>O colunista mogiano Willy Damasceno reuniu amigos para comemorar sua idade nova, no T\u00eanis Clube de Mogi das Cruzes. A [&hellip;]<\/p>\n","protected":false},"author":1,"featured_media":14467,"comment_status":"closed","ping_status":"closed","sticky":false,"template":"","format":"standard","meta":{"footnotes":""},"categories":[5],"tags":[47,61,513],"class_list":["post-14448","post","type-post","status-publish","format-standard","has-post-thumbnail","hentry","category-coluna","tag-aniversario","tag-mogi-das-cruzes","tag-willy"],"_links":{"self":[{"href":"https:\/\/gilfuentes.com.br\/novo\/wp-json\/wp\/v2\/posts\/14448","targetHints":{"allow":["GET"]}}],"collection":[{"href":"https:\/\/gilfuentes.com.br\/novo\/wp-json\/wp\/v2\/posts"}],"about":[{"href":"https:\/\/gilfuentes.com.br\/novo\/wp-json\/wp\/v2\/types\/post"}],"author":[{"embeddable":true,"href":"https:\/\/gilfuentes.com.br\/novo\/wp-json\/wp\/v2\/users\/1"}],"replies":[{"embeddable":true,"href":"https:\/\/gilfuentes.com.br\/novo\/wp-json\/wp\/v2\/comments?post=14448"}],"version-history":[{"count":5,"href":"https:\/\/gilfuentes.com.br\/novo\/wp-json\/wp\/v2\/posts\/14448\/revisions"}],"predecessor-version":[{"id":14469,"href":"https:\/\/gilfuentes.com.br\/novo\/wp-json\/wp\/v2\/posts\/14448\/revisions\/14469"}],"wp:featuredmedia":[{"embeddable":true,"href":"https:\/\/gilfuentes.com.br\/novo\/wp-json\/wp\/v2\/media\/14467"}],"wp:attachment":[{"href":"https:\/\/gilfuentes.com.br\/novo\/wp-json\/wp\/v2\/media?parent=14448"}],"wp:term":[{"taxonomy":"category","embeddable":true,"href":"https:\/\/gilfuentes.com.br\/novo\/wp-json\/wp\/v2\/categories?post=14448"},{"taxonomy":"post_tag","embeddable":true,"href":"https:\/\/gilfuentes.com.br\/novo\/wp-json\/wp\/v2\/tags?post=14448"}],"curies":[{"name":"wp","href":"https:\/\/api.w.org\/{rel}","templated":true}]}}