{"id":15670,"date":"2014-08-30T10:28:27","date_gmt":"2014-08-30T13:28:27","guid":{"rendered":"https:\/\/gilfuentes.com.br\/novo\/?p=15670"},"modified":"2014-08-30T10:50:32","modified_gmt":"2014-08-30T13:50:32","slug":"homenagem-a-apae-na-camara-municipal","status":"publish","type":"post","link":"https:\/\/gilfuentes.com.br\/novo\/homenagem-a-apae-na-camara-municipal","title":{"rendered":"Homenagem \u00e0 Apae na C\u00e2mara Municipal de Suzano"},"content":{"rendered":"<p>A Associa\u00e7\u00e3o de Pais e Amigos dos Excepcionais (Apae) de Suzano foi homenageada nesta sexta-feira (29), em comemora\u00e7\u00e3o ao 36\u00ba anivers\u00e1rio de funda\u00e7\u00e3o da entidade. O evento aconteceu na C\u00e2mara de Suzano e reuniu o presidente da associa\u00e7\u00e3o Jo\u00e3o Jurandir Sim\u00f5es J\u00fanior, administradores, alunos, professores e autoridades.<\/p>\n<p>A iniciativa partiu do vice-presidente da C\u00e2mara, o vereador Ari Serafim Barbosa, o Ari do Posto, em parceria com a vice-prefeita e dirigente do Servi\u00e7o de A\u00e7\u00e3o Social e Projetos Especiais (Saspe), Viviane Galv\u00e3o. \u201c\u00c9 com muito carinho e respeito que falo desta associa\u00e7\u00e3o que trabalha para fazer com que a pessoa que apresente algumas limita\u00e7\u00f5es se desenvolva como indiv\u00edduo e cidad\u00e3o. Al\u00e9m da educa\u00e7\u00e3o, a inclus\u00e3o social \u00e9 determinante para o desenvolvimento individual dos alunos na escola, no trabalho e no seu conv\u00edvio di\u00e1rio. Por isso, a participa\u00e7\u00e3o da sociedade \u00e9 muito importante para manter a exist\u00eancia e a sobreviv\u00eancia da institui\u00e7\u00e3o que tem como miss\u00e3o a promo\u00e7\u00e3o de a\u00e7\u00f5es em defesa de direitos, presta\u00e7\u00e3o de servi\u00e7os e apoio \u00e0 fam\u00edlia para que a pessoa com defici\u00eancia possa ter uma melhor qualidade de vida\u201d, argumentou Viviane.<\/p>\n<p>Segundo ela, no ano passado a Apae de Suzano passou por muitas dificuldades financeiras. \u201cJuntamente com o vereador Ari do Posto, que prontamente abra\u00e7ou a causa, realizamos uma parceira para resgatar e levantar a associa\u00e7\u00e3o do munic\u00edpio. O Futebol Solid\u00e1rio Em Prol da Apae de Suzano teve tr\u00eas edi\u00e7\u00f5es de sucesso e deixou a institui\u00e7\u00e3o em evidencia na cidade, com isso, podemos afirmar que os resultados foram e continuam muito positivos\u201d, disse.<\/p>\n<p>O evento encerrou a \u201cSemana Nacional da Pessoa com Defici\u00eancia Intelectual e M\u00faltipla\u201d e contou como uma palestra sobre inclus\u00e3o social e educa\u00e7\u00e3o, ministrada pela psic\u00f3loga C\u00edcera Pereira Xavier de Souza Marques, com uma apresenta\u00e7\u00e3o de dan\u00e7a das crian\u00e7as da Apae de Ferraz de Vasconcelos e com uma bel\u00edssima participa\u00e7\u00e3o do Novo Coral Municipal de Suzano, sob a reg\u00eancia do maestro Cleiton Xavier, da Secretaria Municipal de Cultura.<\/p>\n<p><b>Projeto<\/b><br \/>\nA Assessoria de Eventos Culturais do Saspe est\u00e1 trabalhando com a possibilidade de realizar um projeto de musicoterapia com o objetivo de levar entretenimento, alegria e cultura para os 300 alunos da associa\u00e7\u00e3o.<\/p>\n<p>Fonte<\/p>\n<p>Secretaria de Comunica\u00e7\u00e3o Institucional (SECOI)<\/p>\n<p>&nbsp;<\/p>\n<p>&nbsp;<\/p>\n\n\t\t<style type=\"text\/css\">\n\t\t\t#gallery-1 {\n\t\t\t\tmargin: auto;\n\t\t\t}\n\t\t\t#gallery-1 .gallery-item {\n\t\t\t\tfloat: left;\n\t\t\t\tmargin-top: 10px;\n\t\t\t\ttext-align: center;\n\t\t\t\twidth: 33%;\n\t\t\t}\n\t\t\t#gallery-1 img {\n\t\t\t\tborder: 2px solid #cfcfcf;\n\t\t\t}\n\t\t\t#gallery-1 .gallery-caption {\n\t\t\t\tmargin-left: 0;\n\t\t\t}\n\t\t\t\/* see gallery_shortcode() in wp-includes\/media.php *\/\n\t\t<\/style>\n\t\t<div id='gallery-1' class='gallery galleryid-15670 gallery-columns-3 gallery-size-thumbnail'><dl class='gallery-item'>\n\t\t\t<dt class='gallery-icon landscape'>\n\t\t\t\t<a href='https:\/\/gilfuentes.com.br\/novo\/homenagem-a-apae-na-camara-municipal\/img_9555'><img loading=\"lazy\" decoding=\"async\" width=\"150\" height=\"150\" src=\"https:\/\/gilfuentes.com.br\/novo\/wp-content\/uploads\/2014\/08\/IMG_9555-150x150.jpg\" class=\"attachment-thumbnail size-thumbnail\" alt=\"\" aria-describedby=\"gallery-1-15672\" \/><\/a>\n\t\t\t<\/dt>\n\t\t\t\t<dd class='wp-caption-text gallery-caption' id='gallery-1-15672'>\n\t\t\t\tNovo Coral Municipal de Suzano\n\t\t\t\t<\/dd><\/dl><dl class='gallery-item'>\n\t\t\t<dt class='gallery-icon landscape'>\n\t\t\t\t<a href='https:\/\/gilfuentes.com.br\/novo\/homenagem-a-apae-na-camara-municipal\/img_9507'><img loading=\"lazy\" decoding=\"async\" width=\"150\" height=\"150\" src=\"https:\/\/gilfuentes.com.br\/novo\/wp-content\/uploads\/2014\/08\/IMG_9507-150x150.jpg\" class=\"attachment-thumbnail size-thumbnail\" alt=\"\" aria-describedby=\"gallery-1-15671\" \/><\/a>\n\t\t\t<\/dt>\n\t\t\t\t<dd class='wp-caption-text gallery-caption' id='gallery-1-15671'>\n\t\t\t\tApresenta\u00e7\u00e3o da Apae de Ferraz de VAsconcelos\n\t\t\t\t<\/dd><\/dl><dl class='gallery-item'>\n\t\t\t<dt class='gallery-icon landscape'>\n\t\t\t\t<a href='https:\/\/gilfuentes.com.br\/novo\/homenagem-a-apae-na-camara-municipal\/img_9636'><img loading=\"lazy\" decoding=\"async\" width=\"150\" height=\"150\" src=\"https:\/\/gilfuentes.com.br\/novo\/wp-content\/uploads\/2014\/08\/IMG_9636-150x150.jpg\" class=\"attachment-thumbnail size-thumbnail\" alt=\"\" aria-describedby=\"gallery-1-15673\" \/><\/a>\n\t\t\t<\/dt>\n\t\t\t\t<dd class='wp-caption-text gallery-caption' id='gallery-1-15673'>\n\t\t\t\tCleiton Xavier cumprimenta Viviane Galv\u00e3o\n\t\t\t\t<\/dd><\/dl><br style=\"clear: both\" \/><dl class='gallery-item'>\n\t\t\t<dt class='gallery-icon landscape'>\n\t\t\t\t<a href='https:\/\/gilfuentes.com.br\/novo\/homenagem-a-apae-na-camara-municipal\/img_9651'><img loading=\"lazy\" decoding=\"async\" width=\"150\" height=\"150\" src=\"https:\/\/gilfuentes.com.br\/novo\/wp-content\/uploads\/2014\/08\/IMG_9651-150x150.jpg\" class=\"attachment-thumbnail size-thumbnail\" alt=\"\" aria-describedby=\"gallery-1-15675\" \/><\/a>\n\t\t\t<\/dt>\n\t\t\t\t<dd class='wp-caption-text gallery-caption' id='gallery-1-15675'>\n\t\t\t\tViviane Galv\u00e3o\n\t\t\t\t<\/dd><\/dl><dl class='gallery-item'>\n\t\t\t<dt class='gallery-icon landscape'>\n\t\t\t\t<a href='https:\/\/gilfuentes.com.br\/novo\/homenagem-a-apae-na-camara-municipal\/img_9641'><img loading=\"lazy\" decoding=\"async\" width=\"150\" height=\"150\" src=\"https:\/\/gilfuentes.com.br\/novo\/wp-content\/uploads\/2014\/08\/IMG_9641-150x150.jpg\" class=\"attachment-thumbnail size-thumbnail\" alt=\"\" aria-describedby=\"gallery-1-15674\" \/><\/a>\n\t\t\t<\/dt>\n\t\t\t\t<dd class='wp-caption-text gallery-caption' id='gallery-1-15674'>\n\t\t\t\tViviane Galv\u00e3o foi homenageada pelo vereador Jos\u00e9 Izaqueu Rangel, o Zaqueu\n\t\t\t\t<\/dd><\/dl>\n\t\t\t<br style='clear: both' \/>\n\t\t<\/div>\n\n<p>&nbsp;<\/p>\n","protected":false},"excerpt":{"rendered":"<p>A Associa\u00e7\u00e3o de Pais e Amigos dos Excepcionais (Apae) de Suzano foi homenageada nesta sexta-feira (29), em comemora\u00e7\u00e3o ao 36\u00ba [&hellip;]<\/p>\n","protected":false},"author":1,"featured_media":15676,"comment_status":"closed","ping_status":"closed","sticky":false,"template":"","format":"standard","meta":{"footnotes":""},"categories":[5,8],"tags":[],"class_list":["post-15670","post","type-post","status-publish","format-standard","has-post-thumbnail","hentry","category-coluna","category-noticias"],"_links":{"self":[{"href":"https:\/\/gilfuentes.com.br\/novo\/wp-json\/wp\/v2\/posts\/15670","targetHints":{"allow":["GET"]}}],"collection":[{"href":"https:\/\/gilfuentes.com.br\/novo\/wp-json\/wp\/v2\/posts"}],"about":[{"href":"https:\/\/gilfuentes.com.br\/novo\/wp-json\/wp\/v2\/types\/post"}],"author":[{"embeddable":true,"href":"https:\/\/gilfuentes.com.br\/novo\/wp-json\/wp\/v2\/users\/1"}],"replies":[{"embeddable":true,"href":"https:\/\/gilfuentes.com.br\/novo\/wp-json\/wp\/v2\/comments?post=15670"}],"version-history":[{"count":3,"href":"https:\/\/gilfuentes.com.br\/novo\/wp-json\/wp\/v2\/posts\/15670\/revisions"}],"predecessor-version":[{"id":15679,"href":"https:\/\/gilfuentes.com.br\/novo\/wp-json\/wp\/v2\/posts\/15670\/revisions\/15679"}],"wp:featuredmedia":[{"embeddable":true,"href":"https:\/\/gilfuentes.com.br\/novo\/wp-json\/wp\/v2\/media\/15676"}],"wp:attachment":[{"href":"https:\/\/gilfuentes.com.br\/novo\/wp-json\/wp\/v2\/media?parent=15670"}],"wp:term":[{"taxonomy":"category","embeddable":true,"href":"https:\/\/gilfuentes.com.br\/novo\/wp-json\/wp\/v2\/categories?post=15670"},{"taxonomy":"post_tag","embeddable":true,"href":"https:\/\/gilfuentes.com.br\/novo\/wp-json\/wp\/v2\/tags?post=15670"}],"curies":[{"name":"wp","href":"https:\/\/api.w.org\/{rel}","templated":true}]}}