{"id":15736,"date":"2014-09-04T09:15:19","date_gmt":"2014-09-04T12:15:19","guid":{"rendered":"https:\/\/gilfuentes.com.br\/novo\/?p=15736"},"modified":"2014-09-03T16:36:58","modified_gmt":"2014-09-03T19:36:58","slug":"apae-de-suzano-recebe-homenagem-na-camara-municipal","status":"publish","type":"post","link":"https:\/\/gilfuentes.com.br\/novo\/apae-de-suzano-recebe-homenagem-na-camara-municipal","title":{"rendered":"Apae de Suzano recebe homenagem na C\u00e2mara Municipal"},"content":{"rendered":"<p>Na \u00faltima sexta-feira (29\/08), a Associa\u00e7\u00e3o de Pais e Amigos dos Excepcionais (Apae) de Suzano foi homenageada, em comemora\u00e7\u00e3o ao 36\u00ba anivers\u00e1rio de funda\u00e7\u00e3o da entidade. O evento encerrou a \u201cSemana Nacional da Pessoa com Defici\u00eancia Intelectual e M\u00faltipla\u201d, reunindo autoridades, al\u00e9m dos administradores da Apae de Suzano, alunos, e professores. A iniciativa da homenagem \u00e9 do vereador e vice-presidente da C\u00e2mara, Ari Serafim Barbosa, o Ari do Posto, em parceria com a vice-prefeita e dirigente do Servi\u00e7o de A\u00e7\u00e3o Social e Projetos Especiais (Saspe), Viviane Galv\u00e3o.<\/p>\n<p>&nbsp;<\/p>\n<p>Fotos: Mauricio Sumiya<\/p>\n<p>&nbsp;<\/p>\n\n\t\t<style type=\"text\/css\">\n\t\t\t#gallery-1 {\n\t\t\t\tmargin: auto;\n\t\t\t}\n\t\t\t#gallery-1 .gallery-item {\n\t\t\t\tfloat: left;\n\t\t\t\tmargin-top: 10px;\n\t\t\t\ttext-align: center;\n\t\t\t\twidth: 33%;\n\t\t\t}\n\t\t\t#gallery-1 img {\n\t\t\t\tborder: 2px solid #cfcfcf;\n\t\t\t}\n\t\t\t#gallery-1 .gallery-caption {\n\t\t\t\tmargin-left: 0;\n\t\t\t}\n\t\t\t\/* see gallery_shortcode() in wp-includes\/media.php *\/\n\t\t<\/style>\n\t\t<div id='gallery-1' class='gallery galleryid-15736 gallery-columns-3 gallery-size-thumbnail'><dl class='gallery-item'>\n\t\t\t<dt class='gallery-icon portrait'>\n\t\t\t\t<a href='https:\/\/gilfuentes.com.br\/novo\/apae-de-suzano-recebe-homenagem-na-camara-municipal\/d4_3-ari-serafim-barbosa-ari-do-posto-ok'><img loading=\"lazy\" decoding=\"async\" width=\"150\" height=\"150\" src=\"https:\/\/gilfuentes.com.br\/novo\/wp-content\/uploads\/2014\/09\/d4_3-Ari-Serafim-Barbosa-Ari-do-Posto-ok-150x150.jpg\" class=\"attachment-thumbnail size-thumbnail\" alt=\"\" aria-describedby=\"gallery-1-15740\" srcset=\"https:\/\/gilfuentes.com.br\/novo\/wp-content\/uploads\/2014\/09\/d4_3-Ari-Serafim-Barbosa-Ari-do-Posto-ok-150x150.jpg 150w, https:\/\/gilfuentes.com.br\/novo\/wp-content\/uploads\/2014\/09\/d4_3-Ari-Serafim-Barbosa-Ari-do-Posto-ok-248x250.jpg 248w, https:\/\/gilfuentes.com.br\/novo\/wp-content\/uploads\/2014\/09\/d4_3-Ari-Serafim-Barbosa-Ari-do-Posto-ok.jpg 1000w\" sizes=\"auto, (max-width: 150px) 100vw, 150px\" \/><\/a>\n\t\t\t<\/dt>\n\t\t\t\t<dd class='wp-caption-text gallery-caption' id='gallery-1-15740'>\n\t\t\t\tAri do Posto\n\t\t\t\t<\/dd><\/dl><dl class='gallery-item'>\n\t\t\t<dt class='gallery-icon landscape'>\n\t\t\t\t<a href='https:\/\/gilfuentes.com.br\/novo\/apae-de-suzano-recebe-homenagem-na-camara-municipal\/testa-joao-jurandir-simoes-junior-ok'><img loading=\"lazy\" decoding=\"async\" width=\"150\" height=\"150\" src=\"https:\/\/gilfuentes.com.br\/novo\/wp-content\/uploads\/2014\/09\/TESTA-Jo\u00e3o-Jurandir-Sim\u00f5es-Junior-ok-150x150.jpg\" class=\"attachment-thumbnail size-thumbnail\" alt=\"\" aria-describedby=\"gallery-1-15744\" \/><\/a>\n\t\t\t<\/dt>\n\t\t\t\t<dd class='wp-caption-text gallery-caption' id='gallery-1-15744'>\n\t\t\t\tJo\u00e3o Jurandir\n\t\t\t\t<\/dd><\/dl><dl class='gallery-item'>\n\t\t\t<dt class='gallery-icon portrait'>\n\t\t\t\t<a href='https:\/\/gilfuentes.com.br\/novo\/apae-de-suzano-recebe-homenagem-na-camara-municipal\/d4_4-conceicao-medeiros-tesoureira-apae-ok'><img loading=\"lazy\" decoding=\"async\" width=\"150\" height=\"150\" src=\"https:\/\/gilfuentes.com.br\/novo\/wp-content\/uploads\/2014\/09\/d4_4-Concei\u00e7\u00e3o-Medeiros-Tesoureira-Apae-ok-150x150.jpg\" class=\"attachment-thumbnail size-thumbnail\" alt=\"\" aria-describedby=\"gallery-1-15741\" \/><\/a>\n\t\t\t<\/dt>\n\t\t\t\t<dd class='wp-caption-text gallery-caption' id='gallery-1-15741'>\n\t\t\t\tConcei\u00e7\u00e3o\n\t\t\t\t<\/dd><\/dl><br style=\"clear: both\" \/><dl class='gallery-item'>\n\t\t\t<dt class='gallery-icon landscape'>\n\t\t\t\t<a href='https:\/\/gilfuentes.com.br\/novo\/apae-de-suzano-recebe-homenagem-na-camara-municipal\/d4_5-cicera-pereira-xavier-de-souza-marques-ok'><img loading=\"lazy\" decoding=\"async\" width=\"150\" height=\"150\" src=\"https:\/\/gilfuentes.com.br\/novo\/wp-content\/uploads\/2014\/09\/d4_5-C\u00edcera-Pereira-Xavier-de-Souza-Marques-ok-150x150.jpg\" class=\"attachment-thumbnail size-thumbnail\" alt=\"\" aria-describedby=\"gallery-1-15742\" \/><\/a>\n\t\t\t<\/dt>\n\t\t\t\t<dd class='wp-caption-text gallery-caption' id='gallery-1-15742'>\n\t\t\t\tC\u00edcera\n\t\t\t\t<\/dd><\/dl><dl class='gallery-item'>\n\t\t\t<dt class='gallery-icon landscape'>\n\t\t\t\t<a href='https:\/\/gilfuentes.com.br\/novo\/apae-de-suzano-recebe-homenagem-na-camara-municipal\/d4_6-suami-paula-de-azevedo-e-gil-fuentes-ok'><img loading=\"lazy\" decoding=\"async\" width=\"150\" height=\"150\" src=\"https:\/\/gilfuentes.com.br\/novo\/wp-content\/uploads\/2014\/09\/d4_6-Suami-Paula-de-Azevedo-e-Gil-Fuentes-ok-150x150.jpg\" class=\"attachment-thumbnail size-thumbnail\" alt=\"\" aria-describedby=\"gallery-1-15743\" \/><\/a>\n\t\t\t<\/dt>\n\t\t\t\t<dd class='wp-caption-text gallery-caption' id='gallery-1-15743'>\n\t\t\t\tSuami e Gil\n\t\t\t\t<\/dd><\/dl>\n\t\t\t<br style='clear: both' \/>\n\t\t<\/div>\n\n<p>&nbsp;<\/p>\n","protected":false},"excerpt":{"rendered":"<p>Na \u00faltima sexta-feira (29\/08), a Associa\u00e7\u00e3o de Pais e Amigos dos Excepcionais (Apae) de Suzano foi homenageada, em comemora\u00e7\u00e3o ao [&hellip;]<\/p>\n","protected":false},"author":1,"featured_media":15738,"comment_status":"closed","ping_status":"closed","sticky":false,"template":"","format":"standard","meta":{"footnotes":""},"categories":[5,8],"tags":[],"class_list":["post-15736","post","type-post","status-publish","format-standard","has-post-thumbnail","hentry","category-coluna","category-noticias"],"_links":{"self":[{"href":"https:\/\/gilfuentes.com.br\/novo\/wp-json\/wp\/v2\/posts\/15736","targetHints":{"allow":["GET"]}}],"collection":[{"href":"https:\/\/gilfuentes.com.br\/novo\/wp-json\/wp\/v2\/posts"}],"about":[{"href":"https:\/\/gilfuentes.com.br\/novo\/wp-json\/wp\/v2\/types\/post"}],"author":[{"embeddable":true,"href":"https:\/\/gilfuentes.com.br\/novo\/wp-json\/wp\/v2\/users\/1"}],"replies":[{"embeddable":true,"href":"https:\/\/gilfuentes.com.br\/novo\/wp-json\/wp\/v2\/comments?post=15736"}],"version-history":[{"count":3,"href":"https:\/\/gilfuentes.com.br\/novo\/wp-json\/wp\/v2\/posts\/15736\/revisions"}],"predecessor-version":[{"id":15746,"href":"https:\/\/gilfuentes.com.br\/novo\/wp-json\/wp\/v2\/posts\/15736\/revisions\/15746"}],"wp:featuredmedia":[{"embeddable":true,"href":"https:\/\/gilfuentes.com.br\/novo\/wp-json\/wp\/v2\/media\/15738"}],"wp:attachment":[{"href":"https:\/\/gilfuentes.com.br\/novo\/wp-json\/wp\/v2\/media?parent=15736"}],"wp:term":[{"taxonomy":"category","embeddable":true,"href":"https:\/\/gilfuentes.com.br\/novo\/wp-json\/wp\/v2\/categories?post=15736"},{"taxonomy":"post_tag","embeddable":true,"href":"https:\/\/gilfuentes.com.br\/novo\/wp-json\/wp\/v2\/tags?post=15736"}],"curies":[{"name":"wp","href":"https:\/\/api.w.org\/{rel}","templated":true}]}}