{"id":16317,"date":"2014-10-29T12:30:38","date_gmt":"2014-10-29T14:30:38","guid":{"rendered":"https:\/\/gilfuentes.com.br\/novo\/?p=16317"},"modified":"2014-10-29T12:31:01","modified_gmt":"2014-10-29T14:31:01","slug":"revelado-o-logo-oficial-da-copa-do-mundo-2018-na-russia","status":"publish","type":"post","link":"https:\/\/gilfuentes.com.br\/novo\/revelado-o-logo-oficial-da-copa-do-mundo-2018-na-russia","title":{"rendered":"Revelado o logo oficial da Copa do Mundo 2018 na R\u00fassia"},"content":{"rendered":"<p>A FIFA revelou o logo oficial da pr\u00f3xima Copa do Mundo, que acontecer\u00e1 na R\u00fassia em 2018. O design foi apresentado por astronautas sovi\u00e9ticos diretamente da Esta\u00e7\u00e3o Espacial Internacional.\u00a0A proposta \u00e9 representar \u201ca rica tradi\u00e7\u00e3o art\u00edstica, hist\u00f3ria de conquistas e inova\u00e7\u00e3o\u201d do pa\u00eds. A cria\u00e7\u00e3o \u00e9 do est\u00fadio portugu\u00eas Brandia Central, que recentemente mostrou o logo da Copa Am\u00e9rica 2015, no Chile.<\/p>\n<p>&nbsp;<\/p>\n<p><a href=\"https:\/\/gilfuentes.com.br\/novo\/wp-content\/uploads\/2014\/10\/fifa20182.jpg\"><img loading=\"lazy\" decoding=\"async\" class=\"alignnone  wp-image-16319\" alt=\"fifa20182\" src=\"https:\/\/gilfuentes.com.br\/novo\/wp-content\/uploads\/2014\/10\/fifa20182.jpg\" width=\"560\" height=\"560\" srcset=\"https:\/\/gilfuentes.com.br\/novo\/wp-content\/uploads\/2014\/10\/fifa20182.jpg 800w, https:\/\/gilfuentes.com.br\/novo\/wp-content\/uploads\/2014\/10\/fifa20182-150x150.jpg 150w, https:\/\/gilfuentes.com.br\/novo\/wp-content\/uploads\/2014\/10\/fifa20182-250x250.jpg 250w\" sizes=\"auto, (max-width: 560px) 100vw, 560px\" \/><\/a><\/p>\n<p>Veja o v\u00eddeo:<\/p>\n<p>&nbsp;<\/p>\n<p><iframe loading=\"lazy\" title=\"2018 FIFA World Cup Official Emblem Debuts in Space!\" width=\"500\" height=\"281\" src=\"https:\/\/www.youtube.com\/embed\/uqCXOofl2m8?feature=oembed\" frameborder=\"0\" allow=\"accelerometer; autoplay; clipboard-write; encrypted-media; gyroscope; picture-in-picture; web-share\" referrerpolicy=\"strict-origin-when-cross-origin\" allowfullscreen><\/iframe><\/p>\n<p>&nbsp;<\/p>\n<p>.<\/p>\n","protected":false},"excerpt":{"rendered":"<p>A FIFA revelou o logo oficial da pr\u00f3xima Copa do Mundo, que acontecer\u00e1 na R\u00fassia em 2018. O design foi [&hellip;]<\/p>\n","protected":false},"author":1,"featured_media":16318,"comment_status":"closed","ping_status":"closed","sticky":false,"template":"","format":"standard","meta":{"footnotes":""},"categories":[5,8],"tags":[],"class_list":["post-16317","post","type-post","status-publish","format-standard","has-post-thumbnail","hentry","category-coluna","category-noticias"],"_links":{"self":[{"href":"https:\/\/gilfuentes.com.br\/novo\/wp-json\/wp\/v2\/posts\/16317","targetHints":{"allow":["GET"]}}],"collection":[{"href":"https:\/\/gilfuentes.com.br\/novo\/wp-json\/wp\/v2\/posts"}],"about":[{"href":"https:\/\/gilfuentes.com.br\/novo\/wp-json\/wp\/v2\/types\/post"}],"author":[{"embeddable":true,"href":"https:\/\/gilfuentes.com.br\/novo\/wp-json\/wp\/v2\/users\/1"}],"replies":[{"embeddable":true,"href":"https:\/\/gilfuentes.com.br\/novo\/wp-json\/wp\/v2\/comments?post=16317"}],"version-history":[{"count":2,"href":"https:\/\/gilfuentes.com.br\/novo\/wp-json\/wp\/v2\/posts\/16317\/revisions"}],"predecessor-version":[{"id":16321,"href":"https:\/\/gilfuentes.com.br\/novo\/wp-json\/wp\/v2\/posts\/16317\/revisions\/16321"}],"wp:featuredmedia":[{"embeddable":true,"href":"https:\/\/gilfuentes.com.br\/novo\/wp-json\/wp\/v2\/media\/16318"}],"wp:attachment":[{"href":"https:\/\/gilfuentes.com.br\/novo\/wp-json\/wp\/v2\/media?parent=16317"}],"wp:term":[{"taxonomy":"category","embeddable":true,"href":"https:\/\/gilfuentes.com.br\/novo\/wp-json\/wp\/v2\/categories?post=16317"},{"taxonomy":"post_tag","embeddable":true,"href":"https:\/\/gilfuentes.com.br\/novo\/wp-json\/wp\/v2\/tags?post=16317"}],"curies":[{"name":"wp","href":"https:\/\/api.w.org\/{rel}","templated":true}]}}