{"id":2128,"date":"2012-11-07T18:10:53","date_gmt":"2012-11-07T18:10:53","guid":{"rendered":"https:\/\/gilfuentes.com.br\/novo\/?p=2128"},"modified":"2012-11-07T18:10:53","modified_gmt":"2012-11-07T18:10:53","slug":"microsoft-confirma-fim-do-messenger-em-2013","status":"publish","type":"post","link":"https:\/\/gilfuentes.com.br\/novo\/microsoft-confirma-fim-do-messenger-em-2013","title":{"rendered":"Microsoft confirma fim do Messenger em 2013"},"content":{"rendered":"<div id=\"attachment_2132\" style=\"width: 460px\" class=\"wp-caption alignnone\"><a href=\"https:\/\/gilfuentes.com.br\/novo\/wp-content\/uploads\/2012\/11\/microsoft-deve-anunciar-ainda-nesta-semana-que-skype-substituira-windows-live-messenger.jpg\"><img loading=\"lazy\" decoding=\"async\" aria-describedby=\"caption-attachment-2132\" class=\"wp-image-2132 \" src=\"https:\/\/gilfuentes.com.br\/novo\/wp-content\/uploads\/2012\/11\/microsoft-deve-anunciar-ainda-nesta-semana-que-skype-substituira-windows-live-messenger.jpg\" alt=\"\" width=\"450\" height=\"338\" srcset=\"https:\/\/gilfuentes.com.br\/novo\/wp-content\/uploads\/2012\/11\/microsoft-deve-anunciar-ainda-nesta-semana-que-skype-substituira-windows-live-messenger.jpg 350w, https:\/\/gilfuentes.com.br\/novo\/wp-content\/uploads\/2012\/11\/microsoft-deve-anunciar-ainda-nesta-semana-que-skype-substituira-windows-live-messenger-332x250.jpg 332w\" sizes=\"auto, (max-width: 450px) 100vw, 450px\" \/><\/a><p id=\"caption-attachment-2132\" class=\"wp-caption-text\">microsoft anunciou nesta semana que skype substituira windows live messenger<\/p><\/div>\n<p>&nbsp;<\/p>\n<p>A Microsoft confirmou esta ter\u00e7a-feira, 6, no <a href=\"http:\/\/blogs.skype.com\/en\" target=\"_blank\">blogue oficial<\/a> do Skype, a not\u00edcia avan\u00e7ada ontem pelo The Verge: <strong>o Windows Live Messenger vai mesmo encerrar<\/strong>. O \u00a0fim do servi\u00e7o de conversa\u00e7\u00e3o est\u00e1 previso para o <strong>primeiro trimestre do pr\u00f3ximo ano<\/strong> em todos os pa\u00edses, \u00e0 exce\u00e7\u00e3o da China, onde o Messenger continuar\u00e1 dispon\u00edvel.<\/p>\n<p>&nbsp;<\/p>\n<p>&nbsp;<\/p>\n<p>A d\u00favida que surge agora \u00e9: \u201cvou deixar de poder conversar com os meus amigos?\u201d Resposta: \u201cn\u00e3o!\u201d. Para continuarem a trocar mensagens instant\u00e2neas, a \u00fanica coisa que os\u00a0utilizadores\u00a0do Windows Live MSN t\u00eam de fazer \u00e9<strong> instalar a vers\u00e3o mais recente do Skype<\/strong> e entrar com a conta da Microsoft. \u201cTodos os contatos v\u00e3o estar l\u00e1\u201d, assegura a empresa.<\/p>\n<p>&nbsp;<\/p>\n<p>&nbsp;<\/p>\n<p>Com esta fus\u00e3o dos servi\u00e7os,<strong> aumentam as funcionalidades dispon\u00edveis<\/strong> ao utilizador: ao servi\u00e7o de chat, junta-se a possibilidade de efetuar chamadas telef\u00f3nicas \u00a0e de v\u00eddeo. O Skype \u00e9 compat\u00edvel com iPad e tablet Android.<\/p>\n<p>&nbsp;<\/p>\n<p>&nbsp;<\/p>\n<p>\u201cO nosso objetivo continua a ser oferecer a melhor experi\u00eancia de comunica\u00e7\u00e3o para todos, em qualquer lugar. Queremos conjugar esfor\u00e7os para tornar as coisas ainda<strong> mais simples<\/strong> para os utilizadores, ao mesmo tempo que melhoramos continuamente a sua experi\u00eancia\u201d, refere a nota publicada no blogue.<\/p>\n<p>&nbsp;<\/p>\n<p>&nbsp;<\/p>\n<p>A mesma nota assegura que a Microsoft ir\u00e1 dando<strong> instru\u00e7\u00f5es<\/strong> \u00e0 medida que a transi\u00e7\u00e3o para o Skype vai sendo feita e no blogue \u00e9 j\u00e1 poss\u00edvel aceder a algumas instru\u00e7\u00f5es que ensinam a instalar a plataforma e a combinar as duas contas.<\/p>\n<p>&nbsp;<\/p>\n<p>Foto: Divulga\u00e7\u00e3o<\/p>\n","protected":false},"excerpt":{"rendered":"<p>&nbsp; A Microsoft confirmou esta ter\u00e7a-feira, 6, no blogue oficial do Skype, a not\u00edcia avan\u00e7ada ontem pelo The Verge: o [&hellip;]<\/p>\n","protected":false},"author":3,"featured_media":2130,"comment_status":"closed","ping_status":"closed","sticky":false,"template":"","format":"standard","meta":{"footnotes":""},"categories":[5,6],"tags":[],"class_list":["post-2128","post","type-post","status-publish","format-standard","has-post-thumbnail","hentry","category-coluna","category-colunistas"],"_links":{"self":[{"href":"https:\/\/gilfuentes.com.br\/novo\/wp-json\/wp\/v2\/posts\/2128","targetHints":{"allow":["GET"]}}],"collection":[{"href":"https:\/\/gilfuentes.com.br\/novo\/wp-json\/wp\/v2\/posts"}],"about":[{"href":"https:\/\/gilfuentes.com.br\/novo\/wp-json\/wp\/v2\/types\/post"}],"author":[{"embeddable":true,"href":"https:\/\/gilfuentes.com.br\/novo\/wp-json\/wp\/v2\/users\/3"}],"replies":[{"embeddable":true,"href":"https:\/\/gilfuentes.com.br\/novo\/wp-json\/wp\/v2\/comments?post=2128"}],"version-history":[{"count":8,"href":"https:\/\/gilfuentes.com.br\/novo\/wp-json\/wp\/v2\/posts\/2128\/revisions"}],"predecessor-version":[{"id":2166,"href":"https:\/\/gilfuentes.com.br\/novo\/wp-json\/wp\/v2\/posts\/2128\/revisions\/2166"}],"wp:featuredmedia":[{"embeddable":true,"href":"https:\/\/gilfuentes.com.br\/novo\/wp-json\/wp\/v2\/media\/2130"}],"wp:attachment":[{"href":"https:\/\/gilfuentes.com.br\/novo\/wp-json\/wp\/v2\/media?parent=2128"}],"wp:term":[{"taxonomy":"category","embeddable":true,"href":"https:\/\/gilfuentes.com.br\/novo\/wp-json\/wp\/v2\/categories?post=2128"},{"taxonomy":"post_tag","embeddable":true,"href":"https:\/\/gilfuentes.com.br\/novo\/wp-json\/wp\/v2\/tags?post=2128"}],"curies":[{"name":"wp","href":"https:\/\/api.w.org\/{rel}","templated":true}]}}