{"id":2140,"date":"2012-11-07T12:39:26","date_gmt":"2012-11-07T12:39:26","guid":{"rendered":"https:\/\/gilfuentes.com.br\/novo\/?p=2140"},"modified":"2012-11-07T12:40:08","modified_gmt":"2012-11-07T12:40:08","slug":"serie-sobre-adolescentes-de-cao-hamburger-estreia-na-tv-cultura","status":"publish","type":"post","link":"https:\/\/gilfuentes.com.br\/novo\/serie-sobre-adolescentes-de-cao-hamburger-estreia-na-tv-cultura","title":{"rendered":"S\u00e9rie sobre adolescentes de Cao Hamburger estreia na TV Cultura"},"content":{"rendered":"<p style=\"text-align: center;\"><em>Pedro &amp; Bianca, que mostra o universo dos jovens em uma escola p\u00fablica, com suas d\u00favidas e dilemas, come\u00e7a a ser exibida no pr\u00f3ximo domingo, dia 11 de novembro, \u00e0s 14h30<\/em><\/p>\n<p>&nbsp;<\/p>\n<p>&nbsp;<\/p>\n<p>Um novo programa sobre adolescentes, que tem entre seus criadores o diretor Cao Hamburger, estreia na TV Cultura no dia 11 de novembro (domingo), \u00e0s 14h30. Pedro &amp; Bianca leva em considera\u00e7\u00e3o toda a complexidade dessa fase e aborda com divers\u00e3o e seriedade os diversos aspectos da juventude, especialmente aquela que estuda numa escola p\u00fablica.<\/p>\n<p>&nbsp;<\/p>\n<p>Os personagens principais, Pedro (Giovanni Gallo) e Bianca (Heslaine Vieira), s\u00e3o irm\u00e3os g\u00eameos. Bianca \u00e9 negra e Pedro, branco. Pelo olhar dos dois, o p\u00fablico vai enxergar o mundo de quem vive essa realidade nessa fase da vida.<\/p>\n<p>&nbsp;<\/p>\n<p>O programa, um projeto Escola 2.0, produzido pela TV Cultura em parceria com a Secretaria da Educa\u00e7\u00e3o do Estado de S\u00e3o Paulo por meio da Funda\u00e7\u00e3o para o Desenvolvimento da Educa\u00e7\u00e3o, trata de situa\u00e7\u00f5es universais com as quais todos podem se identificar, pois s\u00e3o dilemas e obst\u00e1culos t\u00edpicos da adolesc\u00eancia.<\/p>\n<p>&nbsp;<\/p>\n<p>A atra\u00e7\u00e3o vai abordar diversos temas ao longo dos epis\u00f3dios, que t\u00eam 30 minutos de dura\u00e7\u00e3o cada. H\u00e1 tem\u00e1ticas que se referem ao dia a dia da pr\u00f3pria escola, como, por exemplo, Rela\u00e7\u00e3o do aluno com a escola; Primeiro dia de aula; Volta das F\u00e9rias; Primeiros amigos econtatos; Rela\u00e7\u00e3o com o professor; e Dificuldade no aprendizado.<\/p>\n<p>&nbsp;<\/p>\n<p><img loading=\"lazy\" decoding=\"async\" class=\"alignnone size-full wp-image-2143\" title=\"PEDRO E BIANCA_ESCOLA_FOTO JAIR MAGRI (168)\" src=\"https:\/\/gilfuentes.com.br\/novo\/wp-content\/uploads\/2012\/11\/PEDRO-E-BIANCA_ESCOLA_FOTO-JAIR-MAGRI-168.jpg\" alt=\"\" width=\"600\" height=\"399\" srcset=\"https:\/\/gilfuentes.com.br\/novo\/wp-content\/uploads\/2012\/11\/PEDRO-E-BIANCA_ESCOLA_FOTO-JAIR-MAGRI-168.jpg 600w, https:\/\/gilfuentes.com.br\/novo\/wp-content\/uploads\/2012\/11\/PEDRO-E-BIANCA_ESCOLA_FOTO-JAIR-MAGRI-168-375x250.jpg 375w\" sizes=\"auto, (max-width: 600px) 100vw, 600px\" \/><\/p>\n<p>&nbsp;<\/p>\n<p>&nbsp;<\/p>\n<p>H\u00e1 tamb\u00e9m uma rela\u00e7\u00e3o que se estabelece entre as mat\u00e9rias e a realidade, como o entendimento da f\u00edsica no cotidiano e a biologia nas formas de vida.<\/p>\n<p>&nbsp;<\/p>\n<p>Pedro &amp; Bianca aborda grandes temas pr\u00f3prios do universo e do comportamento do jovem como trabalho, puberdade, sexo, drogas, cigarro, bebida, namoro, separa\u00e7\u00e3o, ci\u00fames, paquera, novas amizades, desafetos e desentendimento, dificuldade de aprender, dificuldades em casa, gravidez, esporte, m\u00fasica, \u00eddolos, consumo, dinheiro, status e bullying.<\/p>\n<p>&nbsp;<\/p>\n<p>A s\u00e9rie \u00e9 gravada numa escola de verdade, pr\u00f3xima ao Instituto Butantan, mesmo local em que, nos anos 1930 e por quase tr\u00eas d\u00e9cadas, funcionou o Grupo Escolar Rural de Butant\u00e3. \u00c9 na E. E. Alberto Torres que os irm\u00e3os cursam o 1\u00ba ano do Ensino M\u00e9dio e vivem suas principais experi\u00eancias.<\/p>\n<p>&nbsp;<\/p>\n<p>Pedro &amp; Bianca tamb\u00e9m se passa na casa em que os protagonistas moram com os pais &#8211; Zuzu e Edison, interpretados por Gorete Milagres e Thogun Teixeira &#8211; e em diversos outros lugares da cidade de S\u00e3o Paulo.<\/p>\n<p>&nbsp;<\/p>\n<p>O projeto Pedro &amp; Bianca, cuja produ\u00e7\u00e3o ficou a cargo da produtora Cora\u00e7\u00e3o da Selva, conta com 150 atores no elenco e mais de 2 mil figurantes.<br \/>\nA s\u00e9rie tem 46 epis\u00f3dios de 30 minutos cada e cinco programas de audit\u00f3rio em que s\u00e3o discutidas a fundo as quest\u00f5es levantadas pela atra\u00e7\u00e3o, al\u00e9m de um making of.<\/p>\n<p>&nbsp;<\/p>\n<p>Fotos: Divulga\u00e7\u00e3o<\/p>\n<p>&nbsp;<\/p>\n<p>&nbsp;<\/p>\n","protected":false},"excerpt":{"rendered":"<p>Pedro &amp; Bianca, que mostra o universo dos jovens em uma escola p\u00fablica, com suas d\u00favidas e dilemas, come\u00e7a a [&hellip;]<\/p>\n","protected":false},"author":1,"featured_media":2141,"comment_status":"closed","ping_status":"closed","sticky":false,"template":"","format":"standard","meta":{"footnotes":""},"categories":[5],"tags":[76,242],"class_list":["post-2140","post","type-post","status-publish","format-standard","has-post-thumbnail","hentry","category-coluna","tag-cultura","tag-serie"],"_links":{"self":[{"href":"https:\/\/gilfuentes.com.br\/novo\/wp-json\/wp\/v2\/posts\/2140","targetHints":{"allow":["GET"]}}],"collection":[{"href":"https:\/\/gilfuentes.com.br\/novo\/wp-json\/wp\/v2\/posts"}],"about":[{"href":"https:\/\/gilfuentes.com.br\/novo\/wp-json\/wp\/v2\/types\/post"}],"author":[{"embeddable":true,"href":"https:\/\/gilfuentes.com.br\/novo\/wp-json\/wp\/v2\/users\/1"}],"replies":[{"embeddable":true,"href":"https:\/\/gilfuentes.com.br\/novo\/wp-json\/wp\/v2\/comments?post=2140"}],"version-history":[{"count":3,"href":"https:\/\/gilfuentes.com.br\/novo\/wp-json\/wp\/v2\/posts\/2140\/revisions"}],"predecessor-version":[{"id":2146,"href":"https:\/\/gilfuentes.com.br\/novo\/wp-json\/wp\/v2\/posts\/2140\/revisions\/2146"}],"wp:featuredmedia":[{"embeddable":true,"href":"https:\/\/gilfuentes.com.br\/novo\/wp-json\/wp\/v2\/media\/2141"}],"wp:attachment":[{"href":"https:\/\/gilfuentes.com.br\/novo\/wp-json\/wp\/v2\/media?parent=2140"}],"wp:term":[{"taxonomy":"category","embeddable":true,"href":"https:\/\/gilfuentes.com.br\/novo\/wp-json\/wp\/v2\/categories?post=2140"},{"taxonomy":"post_tag","embeddable":true,"href":"https:\/\/gilfuentes.com.br\/novo\/wp-json\/wp\/v2\/tags?post=2140"}],"curies":[{"name":"wp","href":"https:\/\/api.w.org\/{rel}","templated":true}]}}