{"id":2366,"date":"2012-11-14T14:26:49","date_gmt":"2012-11-14T14:26:49","guid":{"rendered":"https:\/\/gilfuentes.com.br\/novo\/?p=2366"},"modified":"2012-11-14T14:26:49","modified_gmt":"2012-11-14T14:26:49","slug":"apple-confirma-abertura-de-loja-no-brasil","status":"publish","type":"post","link":"https:\/\/gilfuentes.com.br\/novo\/apple-confirma-abertura-de-loja-no-brasil","title":{"rendered":"Apple confirma abertura de loja no Brasil"},"content":{"rendered":"<p>A Apple confirmou a abertura de sua primeira loja f\u00edsica no Brasil, que ficar\u00e1 no Rio de Janeiro. A empresa, no entanto, n\u00e3o deu mais informa\u00e7\u00f5es sobre a localiza\u00e7\u00e3o ou data de inaugura\u00e7\u00e3o da loja. Hoje no Brasil, h\u00e1 somente a loja virtual da Apple e revendedores de seus produtos.<\/p>\n<p>&nbsp;<\/p>\n<p>Na p\u00e1gina de empregos da Apple para o Brasil foram publicados 12 novos cargos nesta quarta-feira (14). Na descri\u00e7\u00e3o desses cargos, h\u00e1 sempre men\u00e7\u00f5es sobre a Apple Store.<\/p>\n<p>&nbsp;<\/p>\n<p><a href=\"https:\/\/gilfuentes.com.br\/novo\/wp-content\/uploads\/2012\/11\/fifthavenue_hero.jpg\"><img loading=\"lazy\" decoding=\"async\" class=\"alignnone size-full wp-image-2369\" title=\"fifthavenue_hero\" src=\"https:\/\/gilfuentes.com.br\/novo\/wp-content\/uploads\/2012\/11\/fifthavenue_hero.jpg\" alt=\"\" width=\"564\" height=\"376\" srcset=\"https:\/\/gilfuentes.com.br\/novo\/wp-content\/uploads\/2012\/11\/fifthavenue_hero.jpg 564w, https:\/\/gilfuentes.com.br\/novo\/wp-content\/uploads\/2012\/11\/fifthavenue_hero-375x250.jpg 375w\" sizes=\"auto, (max-width: 564px) 100vw, 564px\" \/><\/a><\/p>\n<p>&nbsp;<\/p>\n<p>Entre essas novas op\u00e7\u00f5es, est\u00e3o\u00a0<a href=\"https:\/\/jobs.apple.com\/us\/search#location&amp;t=0&amp;sb=req_open_dt&amp;so=1&amp;lo=0*BRA&amp;pN=0&amp;openJobId=BRSL\" target=\"_blank\">l\u00edder de loja<\/a>\u00a0(para montar e gerenciar as diversas equipes que envolvem os clientes),\u00a0<a href=\"https:\/\/jobs.apple.com\/us\/search#location&amp;t=0&amp;sb=req_open_dt&amp;so=1&amp;lo=0*BRA&amp;pN=0&amp;openJobId=BRIS\" target=\"_blank\">encarregado de estoque<\/a>\u00a0(para acompanhar as mudan\u00e7as de demanda e a garantir que todos os produtos e modelos de demonstra\u00e7\u00e3o estejam onde devem estar),\u00a0<a href=\"https:\/\/jobs.apple.com\/us\/search#location&amp;t=0&amp;sb=req_open_dt&amp;so=1&amp;lo=0*BRA&amp;pN=0&amp;openJobId=BRGN\" target=\"_blank\">Genius<\/a>\u00a0(para solu\u00e7\u00e3o de problemas e reparo de produtos) e\u00a0<a href=\"https:\/\/jobs.apple.com\/us\/search#location&amp;t=0&amp;sb=req_open_dt&amp;so=1&amp;lo=0*BRA&amp;pN=0&amp;openJobId=BREX\" target=\"_blank\">Expert<\/a>\u00a0 (para apresentar aos clientes o mundo da Apple, transformando visitantes curiosos em clientes fi\u00e9is), entre outros.<\/p>\n<p>&nbsp;<\/p>\n<p><img loading=\"lazy\" decoding=\"async\" class=\"alignnone size-full wp-image-2368\" title=\"applestoremanhattan\" src=\"https:\/\/gilfuentes.com.br\/novo\/wp-content\/uploads\/2012\/11\/applestoremanhattan.jpeg\" alt=\"\" width=\"648\" height=\"478\" srcset=\"https:\/\/gilfuentes.com.br\/novo\/wp-content\/uploads\/2012\/11\/applestoremanhattan.jpeg 648w, https:\/\/gilfuentes.com.br\/novo\/wp-content\/uploads\/2012\/11\/applestoremanhattan-338x250.jpeg 338w, https:\/\/gilfuentes.com.br\/novo\/wp-content\/uploads\/2012\/11\/applestoremanhattan-460x340.jpeg 460w\" sizes=\"auto, (max-width: 648px) 100vw, 648px\" \/><\/p>\n<p>&nbsp;<\/p>\n<p>A primeira loja da Apple foi inaugurada em 19 de maio de 2001, na Virg\u00ednia (EUA) em 2011, havia 317 desses estabelecimentos com design sofisticado espalhados por todo o mundo, segundo a biografia de Steve Jobs, cofundador da Apple, escrita por Walter Isaacson.<\/p>\n<p>&nbsp;<\/p>\n<p>&nbsp;<\/p>\n<p>Fotos: Divulga\u00e7\u00e3o<\/p>\n<p>&nbsp;<\/p>\n<p>&nbsp;<\/p>\n","protected":false},"excerpt":{"rendered":"<p>A Apple confirmou a abertura de sua primeira loja f\u00edsica no Brasil, que ficar\u00e1 no Rio de Janeiro. A empresa, [&hellip;]<\/p>\n","protected":false},"author":1,"featured_media":2367,"comment_status":"closed","ping_status":"closed","sticky":false,"template":"","format":"standard","meta":{"footnotes":""},"categories":[5,8],"tags":[],"class_list":["post-2366","post","type-post","status-publish","format-standard","has-post-thumbnail","hentry","category-coluna","category-noticias"],"_links":{"self":[{"href":"https:\/\/gilfuentes.com.br\/novo\/wp-json\/wp\/v2\/posts\/2366","targetHints":{"allow":["GET"]}}],"collection":[{"href":"https:\/\/gilfuentes.com.br\/novo\/wp-json\/wp\/v2\/posts"}],"about":[{"href":"https:\/\/gilfuentes.com.br\/novo\/wp-json\/wp\/v2\/types\/post"}],"author":[{"embeddable":true,"href":"https:\/\/gilfuentes.com.br\/novo\/wp-json\/wp\/v2\/users\/1"}],"replies":[{"embeddable":true,"href":"https:\/\/gilfuentes.com.br\/novo\/wp-json\/wp\/v2\/comments?post=2366"}],"version-history":[{"count":2,"href":"https:\/\/gilfuentes.com.br\/novo\/wp-json\/wp\/v2\/posts\/2366\/revisions"}],"predecessor-version":[{"id":2371,"href":"https:\/\/gilfuentes.com.br\/novo\/wp-json\/wp\/v2\/posts\/2366\/revisions\/2371"}],"wp:featuredmedia":[{"embeddable":true,"href":"https:\/\/gilfuentes.com.br\/novo\/wp-json\/wp\/v2\/media\/2367"}],"wp:attachment":[{"href":"https:\/\/gilfuentes.com.br\/novo\/wp-json\/wp\/v2\/media?parent=2366"}],"wp:term":[{"taxonomy":"category","embeddable":true,"href":"https:\/\/gilfuentes.com.br\/novo\/wp-json\/wp\/v2\/categories?post=2366"},{"taxonomy":"post_tag","embeddable":true,"href":"https:\/\/gilfuentes.com.br\/novo\/wp-json\/wp\/v2\/tags?post=2366"}],"curies":[{"name":"wp","href":"https:\/\/api.w.org\/{rel}","templated":true}]}}