{"id":2412,"date":"2012-11-18T22:13:25","date_gmt":"2012-11-18T22:13:25","guid":{"rendered":"https:\/\/gilfuentes.com.br\/novo\/?p=2412"},"modified":"2012-11-18T22:15:38","modified_gmt":"2012-11-18T22:15:38","slug":"no-calor-do-inverno-dicas-de-lareiras-portateis","status":"publish","type":"post","link":"https:\/\/gilfuentes.com.br\/novo\/no-calor-do-inverno-dicas-de-lareiras-portateis","title":{"rendered":"No calor do inverno. Dicas de lareiras port\u00e1teis"},"content":{"rendered":"<p>Com o inverno chegando, nada melhor do que se manter quentinho e confort\u00e1vel\u00a0 dentro do pr\u00f3prio lar, enquanto o frio fica do lado de fora. E por que n\u00e3o ter uma lareira dentro de casa? Para isso,veja essa linha de lareiras port\u00e1teis, que ir\u00e3o dar uma for\u00e7a na hora de espantar o frio. F\u00e1ceis de montar, design moderno, elegante e n\u00e3o precisam de madeira para funcionar \u2013 basta um pouco de \u00e1lcool. Op\u00e7\u00e3o perfeita para quem quer praticidade e conforto\u00a0por produzirem fuma\u00e7a, fuligem e cinzas, al\u00e9m de dispensar chamin\u00e9s.<\/p>\n<p>&nbsp;<\/p>\n<p><a href=\"https:\/\/gilfuentes.com.br\/novo\/wp-content\/uploads\/2012\/11\/nocalordoinverno_foto01l-shape.jpg\"><img loading=\"lazy\" decoding=\"async\" class=\"alignnone size-full wp-image-2413\" title=\"nocalordoinverno_foto01l-shape\" src=\"https:\/\/gilfuentes.com.br\/novo\/wp-content\/uploads\/2012\/11\/nocalordoinverno_foto01l-shape.jpg\" alt=\"\" width=\"300\" height=\"200\" \/><\/a><br \/>\nLareira L-Shape, em madeira de carvalho, com vidro duplo temperado. O recipiente tem capacidade para 2 litros de \u00e1lcool 99,5% ou 92,8%, funcionando por at\u00e9 8 horas.<\/p>\n<p>&nbsp;<\/p>\n<p>&nbsp;<\/p>\n<p>&nbsp;<\/p>\n<p><img loading=\"lazy\" decoding=\"async\" class=\"alignnone size-full wp-image-2415\" title=\"nocalordoinverno_foto03bubble\" src=\"https:\/\/gilfuentes.com.br\/novo\/wp-content\/uploads\/2012\/11\/nocalordoinverno_foto03bubble.jpg\" alt=\"\" width=\"300\" height=\"200\" \/><\/p>\n<p>&nbsp;<\/p>\n<p>Lareira Bubble, em resina poli\u00e9ster, fibra de vidro e poliuretano pintado. O recipiente tem capacidade para 1 litro, suficiente para garantir at\u00e9 3 horas de funcionamento.<\/p>\n<p>&nbsp;<\/p>\n<p>&nbsp;<\/p>\n<p><a href=\"https:\/\/gilfuentes.com.br\/novo\/wp-content\/uploads\/2012\/11\/nocalordoinverno_foto02hotchocolate.jpg\"><img loading=\"lazy\" decoding=\"async\" class=\"alignnone size-full wp-image-2414\" title=\"nocalordoinverno_foto02hotchocolate\" src=\"https:\/\/gilfuentes.com.br\/novo\/wp-content\/uploads\/2012\/11\/nocalordoinverno_foto02hotchocolate.jpg\" alt=\"\" width=\"300\" height=\"200\" \/><\/a><\/p>\n<p>&nbsp;<\/p>\n<p>Lareira e Mesa de Centro Hot Chocolate, feita em madeira veener natural, com recipiente de 1 litro. Funciona por at\u00e9 3,5 horas.<\/p>\n<p>&nbsp;<\/p>\n<p>&nbsp;<\/p>\n<p><a href=\"https:\/\/gilfuentes.com.br\/novo\/wp-content\/uploads\/2012\/11\/nocalordoinverno_foto04single.jpg\"><img loading=\"lazy\" decoding=\"async\" class=\"alignnone size-full wp-image-2416\" title=\"nocalordoinverno_foto04single\" src=\"https:\/\/gilfuentes.com.br\/novo\/wp-content\/uploads\/2012\/11\/nocalordoinverno_foto04single.jpg\" alt=\"\" width=\"300\" height=\"200\" \/><\/a><\/p>\n<p>&nbsp;<\/p>\n<p>Lareira Single,\u00a0em resina poli\u00e9ster, fibra de vidro e acabamento em laca nas cores branca ou vermelha. O recipiente tem capacidade para 1 litro, com at\u00e9 4 horas de uso.<\/p>\n<p>&nbsp;<\/p>\n<p>Onde encontrar:<\/p>\n<p>Obravip.com, tamb\u00e9m pelo\u00a0SAC: (11) 4063.1226<\/p>\n<p>&nbsp;<\/p>\n<p>Fotos: Divulga\u00e7\u00e3o<\/p>\n<p>&nbsp;<\/p>\n<p>&nbsp;<\/p>\n","protected":false},"excerpt":{"rendered":"<p>Com o inverno chegando, nada melhor do que se manter quentinho e confort\u00e1vel\u00a0 dentro do pr\u00f3prio lar, enquanto o frio [&hellip;]<\/p>\n","protected":false},"author":1,"featured_media":2417,"comment_status":"closed","ping_status":"closed","sticky":false,"template":"","format":"standard","meta":{"footnotes":""},"categories":[5,8],"tags":[],"class_list":["post-2412","post","type-post","status-publish","format-standard","has-post-thumbnail","hentry","category-coluna","category-noticias"],"_links":{"self":[{"href":"https:\/\/gilfuentes.com.br\/novo\/wp-json\/wp\/v2\/posts\/2412","targetHints":{"allow":["GET"]}}],"collection":[{"href":"https:\/\/gilfuentes.com.br\/novo\/wp-json\/wp\/v2\/posts"}],"about":[{"href":"https:\/\/gilfuentes.com.br\/novo\/wp-json\/wp\/v2\/types\/post"}],"author":[{"embeddable":true,"href":"https:\/\/gilfuentes.com.br\/novo\/wp-json\/wp\/v2\/users\/1"}],"replies":[{"embeddable":true,"href":"https:\/\/gilfuentes.com.br\/novo\/wp-json\/wp\/v2\/comments?post=2412"}],"version-history":[{"count":5,"href":"https:\/\/gilfuentes.com.br\/novo\/wp-json\/wp\/v2\/posts\/2412\/revisions"}],"predecessor-version":[{"id":2422,"href":"https:\/\/gilfuentes.com.br\/novo\/wp-json\/wp\/v2\/posts\/2412\/revisions\/2422"}],"wp:featuredmedia":[{"embeddable":true,"href":"https:\/\/gilfuentes.com.br\/novo\/wp-json\/wp\/v2\/media\/2417"}],"wp:attachment":[{"href":"https:\/\/gilfuentes.com.br\/novo\/wp-json\/wp\/v2\/media?parent=2412"}],"wp:term":[{"taxonomy":"category","embeddable":true,"href":"https:\/\/gilfuentes.com.br\/novo\/wp-json\/wp\/v2\/categories?post=2412"},{"taxonomy":"post_tag","embeddable":true,"href":"https:\/\/gilfuentes.com.br\/novo\/wp-json\/wp\/v2\/tags?post=2412"}],"curies":[{"name":"wp","href":"https:\/\/api.w.org\/{rel}","templated":true}]}}