{"id":2605,"date":"2012-11-26T12:55:35","date_gmt":"2012-11-26T12:55:35","guid":{"rendered":"https:\/\/gilfuentes.com.br\/novo\/?p=2605"},"modified":"2012-11-26T12:55:35","modified_gmt":"2012-11-26T12:55:35","slug":"leya-brasil-lanca-box-especial-com-historias-das-cancoes-de-chico-buarque-e-tom-jobim","status":"publish","type":"post","link":"https:\/\/gilfuentes.com.br\/novo\/leya-brasil-lanca-box-especial-com-historias-das-cancoes-de-chico-buarque-e-tom-jobim","title":{"rendered":"LeYa Brasil lan\u00e7a Box especial com hist\u00f3rias das can\u00e7\u00f5es de Chico Buarque e Tom Jobim"},"content":{"rendered":"<p style=\"text-align: center;\">\n<p style=\"text-align: center;\">\n<p style=\"text-align: center;\"><em>De autoria de Wagner Homem e de Luiz Roberto Oliveira, as obras mergulham nas letras e hist\u00f3rias de Chico Buarque e Tom Jobim, s\u00edmbolos da m\u00fasica popular brasileira.<\/em><\/p>\n<p>&nbsp;<\/p>\n<p>Os livros Hist\u00f3rias de Can\u00e7\u00f5es Chico Buarque, de Wagner Homem, e Hist\u00f3rias de can\u00e7\u00f5es Tom Jobim, este em parceria com Luiz Roberto Oliveira, ser\u00e3o parceiros em um \u00fanico box de luxo, lan\u00e7ado pela editora LeYa. O escritor Wagner Homem, que \u00e9 respons\u00e1vel pelo site de Chico Buarque, se vale do seu conhecimento para nos contar, com detalhes, epis\u00f3dios que explicam as can\u00e7\u00f5es dos m\u00fasicos. Nos livros, al\u00e9m de explica\u00e7\u00f5es sobre o contexto hist\u00f3rico e pessoal de cada m\u00fasica e hist\u00f3rias de suas principais parcerias, conhecemos um pouco mais sobre grandes artistas como Vinicius de Moraes, Gilberto Gil, Caetano Veloso, Jo\u00e3o Gilberto, Elis Regina, Toquinho entre outros grandes nomes que marcaram a m\u00fasica brasileira.<\/p>\n<p>&nbsp;<\/p>\n<p>&nbsp;<\/p>\n<p>Ant\u00f4nio Carlos Brasileiro de Almeida Jobim nasceu no bairro da Tijuca, em 1927. Poderia ter sido arquiteto, mas a paix\u00e3o pelo piano mudou o rumo de sua vida e consequentemente a hist\u00f3ria da MPB. Chico nasceu bem depois, em 1944, e com 9 anos j\u00e1 sabia ou imaginava o que poderia ser no futuro: em recado \u00e0 Vov\u00f3 Helo\u00edsa, quando sa\u00eda do Brasil para morar com a fam\u00edlia na It\u00e1lia, disse Olhe, vozinha, n\u00e3o se esque\u00e7a de mim. Se quando eu chegar aqui voc\u00ea j\u00e1 estiver no c\u00e9u, l\u00e1 mesmo veja eu ser um cantor de r\u00e1dio. E acabou sendo muito mais que isso.<\/p>\n<p>&nbsp;<\/p>\n<p>&nbsp;<\/p>\n<p>Hist\u00f3rias de can\u00e7\u00f5es Tom Jobim e Hist\u00f3rias de Can\u00e7\u00f5es Chico Buarque mergulham na hist\u00f3ria de grandes \u00edcones brasileiros e ainda servem para presentear os ouvintes de boa m\u00fasica. O box, que ser\u00e1 lan\u00e7ado pela LeYa em novembro, conta causos inesquec\u00edveis, como o da m\u00fasica Garota de Ipanema, foi composta para um musical de Vinicius que se chamaria Blimp \u00a0\u00a0 e que ao contr\u00e1rio do que se pode pensar a can\u00e7\u00e3o brasileira mais executada no mundo n\u00e3o enriqueceu os compositores. \u00a0Enquanto Chico, que em suas m\u00fasicas demonstrava um forte v\u00ednculo com o per\u00edodo hist\u00f3rico do pa\u00eds e foi um dos porta-vozes contra a ditadura, nunca assumiu quem era sua musa para a m\u00fasica Morena dos Olhos d\u00e1gua, dava a deixa para suas irm\u00e3s que diziam que, ao terminar a composi\u00e7\u00e3o, v\u00e1rias mulheres receberam uma liga\u00e7\u00e3o de Buarque, dizendo que elas haviam sido a fonte de sua inspira\u00e7\u00e3o.<\/p>\n<p>&nbsp;<\/p>\n<p>&nbsp;<\/p>\n<p>O Box Hist\u00f3rias de Can\u00e7\u00f5es Chico Buarque e Tom Jobim celebra, em grande estilo, uma das parcerias mais inesquec\u00edveis da m\u00fasica popular brasileira.<\/p>\n<p>&nbsp;<\/p>\n<p>&nbsp;<\/p>\n<p><strong>Ficha t\u00e9cnica<\/strong><\/p>\n<p>T\u00edtulo: Box Hist\u00f3rias de can\u00e7\u00f5es Chico Buarque e Tom Jobim<br \/>\nAutor: Wagner Homem e Luiz Roberto Oliveira<br \/>\nPre\u00e7o: R$ 79,90<\/p>\n<p><a href=\"http:\/\/www.historiasdecancoes.com.br\/\">www.historiasdecancoes.com.br<\/a><\/p>\n<p>&nbsp;<\/p>\n<p>&nbsp;<\/p>\n","protected":false},"excerpt":{"rendered":"<p>De autoria de Wagner Homem e de Luiz Roberto Oliveira, as obras mergulham nas letras e hist\u00f3rias de Chico Buarque [&hellip;]<\/p>\n","protected":false},"author":1,"featured_media":2606,"comment_status":"closed","ping_status":"closed","sticky":false,"template":"","format":"standard","meta":{"footnotes":""},"categories":[5,8],"tags":[272,273,271,63,270],"class_list":["post-2605","post","type-post","status-publish","format-standard","has-post-thumbnail","hentry","category-coluna","category-noticias","tag-box","tag-cd","tag-chico-buarque","tag-lancamento","tag-tom-jobim"],"_links":{"self":[{"href":"https:\/\/gilfuentes.com.br\/novo\/wp-json\/wp\/v2\/posts\/2605","targetHints":{"allow":["GET"]}}],"collection":[{"href":"https:\/\/gilfuentes.com.br\/novo\/wp-json\/wp\/v2\/posts"}],"about":[{"href":"https:\/\/gilfuentes.com.br\/novo\/wp-json\/wp\/v2\/types\/post"}],"author":[{"embeddable":true,"href":"https:\/\/gilfuentes.com.br\/novo\/wp-json\/wp\/v2\/users\/1"}],"replies":[{"embeddable":true,"href":"https:\/\/gilfuentes.com.br\/novo\/wp-json\/wp\/v2\/comments?post=2605"}],"version-history":[{"count":2,"href":"https:\/\/gilfuentes.com.br\/novo\/wp-json\/wp\/v2\/posts\/2605\/revisions"}],"predecessor-version":[{"id":2608,"href":"https:\/\/gilfuentes.com.br\/novo\/wp-json\/wp\/v2\/posts\/2605\/revisions\/2608"}],"wp:featuredmedia":[{"embeddable":true,"href":"https:\/\/gilfuentes.com.br\/novo\/wp-json\/wp\/v2\/media\/2606"}],"wp:attachment":[{"href":"https:\/\/gilfuentes.com.br\/novo\/wp-json\/wp\/v2\/media?parent=2605"}],"wp:term":[{"taxonomy":"category","embeddable":true,"href":"https:\/\/gilfuentes.com.br\/novo\/wp-json\/wp\/v2\/categories?post=2605"},{"taxonomy":"post_tag","embeddable":true,"href":"https:\/\/gilfuentes.com.br\/novo\/wp-json\/wp\/v2\/tags?post=2605"}],"curies":[{"name":"wp","href":"https:\/\/api.w.org\/{rel}","templated":true}]}}