{"id":2770,"date":"2012-12-03T17:23:08","date_gmt":"2012-12-03T17:23:08","guid":{"rendered":"https:\/\/gilfuentes.com.br\/novo\/?p=2770"},"modified":"2012-12-03T17:40:24","modified_gmt":"2012-12-03T17:40:24","slug":"no-27o-premio-magnifico","status":"publish","type":"post","link":"https:\/\/gilfuentes.com.br\/novo\/no-27o-premio-magnifico","title":{"rendered":"No 27\u00ba Pr\u00eamio Magn\u00edfico"},"content":{"rendered":"<p>Aconteceu em S\u00e3o Paulo na \u00faltima ter\u00e7a-feira, organizado por Zildetti Montiel, o 27\u00ba Pr\u00eamio Magn\u00edfico no Espa\u00e7o Panamby, atrav\u00e9s da ANIE &#8211; Assessoria Nacional de Imprensa e Eventos. Uma noite bastante prestigiada por consagrados nomes e recheada de surpresas.<\/p>\n<p>&nbsp;<\/p>\n<p>Zildetti continua imbat\u00edvel \u00e0 frente do microfone e conduziu com maestria as homenagens. Entre os homenageados estava a r\u00e1dio Show Time. Confira algumas fotos deste memor\u00e1vel encontro.<\/p>\n<p>&nbsp;<\/p>\n<p>Fotos: Gil Fuentes<\/p>\n<p>&nbsp;<\/p>\n\n\t\t<style type=\"text\/css\">\n\t\t\t#gallery-1 {\n\t\t\t\tmargin: auto;\n\t\t\t}\n\t\t\t#gallery-1 .gallery-item {\n\t\t\t\tfloat: left;\n\t\t\t\tmargin-top: 10px;\n\t\t\t\ttext-align: center;\n\t\t\t\twidth: 33%;\n\t\t\t}\n\t\t\t#gallery-1 img {\n\t\t\t\tborder: 2px solid #cfcfcf;\n\t\t\t}\n\t\t\t#gallery-1 .gallery-caption {\n\t\t\t\tmargin-left: 0;\n\t\t\t}\n\t\t\t\/* see gallery_shortcode() in wp-includes\/media.php *\/\n\t\t<\/style>\n\t\t<div id='gallery-1' class='gallery galleryid-2770 gallery-columns-3 gallery-size-thumbnail'><dl class='gallery-item'>\n\t\t\t<dt class='gallery-icon landscape'>\n\t\t\t\t<a href='https:\/\/gilfuentes.com.br\/novo\/wp-content\/uploads\/2012\/12\/IMG_9285-Berta-Brickmann-Isabel-Costa-Tania-Lis-Tizzoni-Nogueira-Vera-Fuentes-e-Zildetti-Montiel-ok-.jpg'><img loading=\"lazy\" decoding=\"async\" width=\"150\" height=\"150\" src=\"https:\/\/gilfuentes.com.br\/novo\/wp-content\/uploads\/2012\/12\/IMG_9285-Berta-Brickmann-Isabel-Costa-Tania-Lis-Tizzoni-Nogueira-Vera-Fuentes-e-Zildetti-Montiel-ok--150x150.jpg\" class=\"attachment-thumbnail size-thumbnail\" alt=\"\" \/><\/a>\n\t\t\t<\/dt><\/dl><dl class='gallery-item'>\n\t\t\t<dt class='gallery-icon portrait'>\n\t\t\t\t<a href='https:\/\/gilfuentes.com.br\/novo\/wp-content\/uploads\/2012\/12\/IMG_9289-William-Damas-e-Isis-Alkimin-ok.jpg'><img loading=\"lazy\" decoding=\"async\" width=\"150\" height=\"150\" src=\"https:\/\/gilfuentes.com.br\/novo\/wp-content\/uploads\/2012\/12\/IMG_9289-William-Damas-e-Isis-Alkimin-ok-150x150.jpg\" class=\"attachment-thumbnail size-thumbnail\" alt=\"\" \/><\/a>\n\t\t\t<\/dt><\/dl><dl class='gallery-item'>\n\t\t\t<dt class='gallery-icon landscape'>\n\t\t\t\t<a href='https:\/\/gilfuentes.com.br\/novo\/wp-content\/uploads\/2012\/12\/IMG_9291-Walter-Naresi-Nath\u00e1lia-Alckimin-e-Fl\u00e1vio-Ashcar-ok-.jpg'><img loading=\"lazy\" decoding=\"async\" width=\"150\" height=\"150\" src=\"https:\/\/gilfuentes.com.br\/novo\/wp-content\/uploads\/2012\/12\/IMG_9291-Walter-Naresi-Nath\u00e1lia-Alckimin-e-Fl\u00e1vio-Ashcar-ok--150x150.jpg\" class=\"attachment-thumbnail size-thumbnail\" alt=\"\" \/><\/a>\n\t\t\t<\/dt><\/dl><br style=\"clear: both\" \/><dl class='gallery-item'>\n\t\t\t<dt class='gallery-icon landscape'>\n\t\t\t\t<a href='https:\/\/gilfuentes.com.br\/novo\/wp-content\/uploads\/2012\/12\/IMG_9305-Berta-e-Carlos-Brickmann-ok.jpg'><img loading=\"lazy\" decoding=\"async\" width=\"150\" height=\"150\" src=\"https:\/\/gilfuentes.com.br\/novo\/wp-content\/uploads\/2012\/12\/IMG_9305-Berta-e-Carlos-Brickmann-ok-150x150.jpg\" class=\"attachment-thumbnail size-thumbnail\" alt=\"\" \/><\/a>\n\t\t\t<\/dt><\/dl><dl class='gallery-item'>\n\t\t\t<dt class='gallery-icon landscape'>\n\t\t\t\t<a href='https:\/\/gilfuentes.com.br\/novo\/wp-content\/uploads\/2012\/12\/IMG_9307-Maurimar-Batalha-Rodolfo-Batalha-Percival-de-Souza-Pedro-Gagliardi-Yvaney-Caures-de-Souza-e-Jo\u00e3o-Carlos-Alkimin-ok.jpg'><img loading=\"lazy\" decoding=\"async\" width=\"150\" height=\"150\" src=\"https:\/\/gilfuentes.com.br\/novo\/wp-content\/uploads\/2012\/12\/IMG_9307-Maurimar-Batalha-Rodolfo-Batalha-Percival-de-Souza-Pedro-Gagliardi-Yvaney-Caures-de-Souza-e-Jo\u00e3o-Carlos-Alkimin-ok-150x150.jpg\" class=\"attachment-thumbnail size-thumbnail\" alt=\"\" \/><\/a>\n\t\t\t<\/dt><\/dl><dl class='gallery-item'>\n\t\t\t<dt class='gallery-icon landscape'>\n\t\t\t\t<a href='https:\/\/gilfuentes.com.br\/novo\/wp-content\/uploads\/2012\/12\/IMG_9327-Cleber-MAchado-ok.jpg'><img loading=\"lazy\" decoding=\"async\" width=\"150\" height=\"150\" src=\"https:\/\/gilfuentes.com.br\/novo\/wp-content\/uploads\/2012\/12\/IMG_9327-Cleber-MAchado-ok-150x150.jpg\" class=\"attachment-thumbnail size-thumbnail\" alt=\"\" \/><\/a>\n\t\t\t<\/dt><\/dl><br style=\"clear: both\" \/><dl class='gallery-item'>\n\t\t\t<dt class='gallery-icon portrait'>\n\t\t\t\t<a href='https:\/\/gilfuentes.com.br\/novo\/wp-content\/uploads\/2012\/12\/IMG_9337-S\u00e9rgio-S\u00e1-autor-da-m\u00fasica-Listen-ok.jpg'><img loading=\"lazy\" decoding=\"async\" width=\"150\" height=\"150\" src=\"https:\/\/gilfuentes.com.br\/novo\/wp-content\/uploads\/2012\/12\/IMG_9337-S\u00e9rgio-S\u00e1-autor-da-m\u00fasica-Listen-ok-150x150.jpg\" class=\"attachment-thumbnail size-thumbnail\" alt=\"\" \/><\/a>\n\t\t\t<\/dt><\/dl><dl class='gallery-item'>\n\t\t\t<dt class='gallery-icon portrait'>\n\t\t\t\t<a href='https:\/\/gilfuentes.com.br\/novo\/wp-content\/uploads\/2012\/12\/IMG_9359-Laura-Cardoso-ok.jpg'><img loading=\"lazy\" decoding=\"async\" width=\"150\" height=\"150\" src=\"https:\/\/gilfuentes.com.br\/novo\/wp-content\/uploads\/2012\/12\/IMG_9359-Laura-Cardoso-ok-150x150.jpg\" class=\"attachment-thumbnail size-thumbnail\" alt=\"\" \/><\/a>\n\t\t\t<\/dt><\/dl><dl class='gallery-item'>\n\t\t\t<dt class='gallery-icon landscape'>\n\t\t\t\t<a href='https:\/\/gilfuentes.com.br\/novo\/wp-content\/uploads\/2012\/12\/IMG_9389-Percival-de-Souza-Fl\u00e1vio-Ashcar-Yvaney-Cayres-de-Souza-Jo\u00e3o-Carlos-Alkimin-e-Zildetti-Montiel-ok.jpg'><img loading=\"lazy\" decoding=\"async\" width=\"150\" height=\"150\" src=\"https:\/\/gilfuentes.com.br\/novo\/wp-content\/uploads\/2012\/12\/IMG_9389-Percival-de-Souza-Fl\u00e1vio-Ashcar-Yvaney-Cayres-de-Souza-Jo\u00e3o-Carlos-Alkimin-e-Zildetti-Montiel-ok-150x150.jpg\" class=\"attachment-thumbnail size-thumbnail\" alt=\"\" \/><\/a>\n\t\t\t<\/dt><\/dl><br style=\"clear: both\" \/><dl class='gallery-item'>\n\t\t\t<dt class='gallery-icon portrait'>\n\t\t\t\t<a href='https:\/\/gilfuentes.com.br\/novo\/wp-content\/uploads\/2012\/12\/IMG_9395-Ricardo-e-Isabel-Magalh\u00e3ses-ok.jpg'><img loading=\"lazy\" decoding=\"async\" width=\"150\" height=\"150\" src=\"https:\/\/gilfuentes.com.br\/novo\/wp-content\/uploads\/2012\/12\/IMG_9395-Ricardo-e-Isabel-Magalh\u00e3ses-ok-150x150.jpg\" class=\"attachment-thumbnail size-thumbnail\" alt=\"\" \/><\/a>\n\t\t\t<\/dt><\/dl><dl class='gallery-item'>\n\t\t\t<dt class='gallery-icon portrait'>\n\t\t\t\t<a href='https:\/\/gilfuentes.com.br\/novo\/wp-content\/uploads\/2012\/12\/IMG_9399-Vanusa.jpg'><img loading=\"lazy\" decoding=\"async\" width=\"150\" height=\"150\" src=\"https:\/\/gilfuentes.com.br\/novo\/wp-content\/uploads\/2012\/12\/IMG_9399-Vanusa-150x150.jpg\" class=\"attachment-thumbnail size-thumbnail\" alt=\"\" \/><\/a>\n\t\t\t<\/dt><\/dl><dl class='gallery-item'>\n\t\t\t<dt class='gallery-icon landscape'>\n\t\t\t\t<a href='https:\/\/gilfuentes.com.br\/novo\/wp-content\/uploads\/2012\/12\/IMG_9402.jpg'><img loading=\"lazy\" decoding=\"async\" width=\"150\" height=\"150\" src=\"https:\/\/gilfuentes.com.br\/novo\/wp-content\/uploads\/2012\/12\/IMG_9402-150x150.jpg\" class=\"attachment-thumbnail size-thumbnail\" alt=\"\" \/><\/a>\n\t\t\t<\/dt><\/dl><br style=\"clear: both\" \/><dl class='gallery-item'>\n\t\t\t<dt class='gallery-icon landscape'>\n\t\t\t\t<a href='https:\/\/gilfuentes.com.br\/novo\/wp-content\/uploads\/2012\/12\/IMG_9410-Elenco-do-Carrossel-ok.jpg'><img loading=\"lazy\" decoding=\"async\" width=\"150\" height=\"150\" src=\"https:\/\/gilfuentes.com.br\/novo\/wp-content\/uploads\/2012\/12\/IMG_9410-Elenco-do-Carrossel-ok-150x150.jpg\" class=\"attachment-thumbnail size-thumbnail\" alt=\"\" \/><\/a>\n\t\t\t<\/dt><\/dl><dl class='gallery-item'>\n\t\t\t<dt class='gallery-icon portrait'>\n\t\t\t\t<a href='https:\/\/gilfuentes.com.br\/novo\/wp-content\/uploads\/2012\/12\/IMG_9412-Edson-e-ISabel-Costa-ok.jpg'><img loading=\"lazy\" decoding=\"async\" width=\"150\" height=\"150\" src=\"https:\/\/gilfuentes.com.br\/novo\/wp-content\/uploads\/2012\/12\/IMG_9412-Edson-e-ISabel-Costa-ok-150x150.jpg\" class=\"attachment-thumbnail size-thumbnail\" alt=\"\" \/><\/a>\n\t\t\t<\/dt><\/dl><dl class='gallery-item'>\n\t\t\t<dt class='gallery-icon landscape'>\n\t\t\t\t<a href='https:\/\/gilfuentes.com.br\/novo\/wp-content\/uploads\/2012\/12\/IMG_9303-Zildetti-Montiel-com-a-filha-Taate-Montiel-Artner-ok.jpg'><img loading=\"lazy\" decoding=\"async\" width=\"150\" height=\"150\" src=\"https:\/\/gilfuentes.com.br\/novo\/wp-content\/uploads\/2012\/12\/IMG_9303-Zildetti-Montiel-com-a-filha-Taate-Montiel-Artner-ok-150x150.jpg\" class=\"attachment-thumbnail size-thumbnail\" alt=\"\" \/><\/a>\n\t\t\t<\/dt><\/dl><br style=\"clear: both\" \/>\n\t\t<\/div>\n\n","protected":false},"excerpt":{"rendered":"<p>Aconteceu em S\u00e3o Paulo na \u00faltima ter\u00e7a-feira, organizado por Zildetti Montiel, o 27\u00ba Pr\u00eamio Magn\u00edfico no Espa\u00e7o Panamby, atrav\u00e9s da [&hellip;]<\/p>\n","protected":false},"author":1,"featured_media":2788,"comment_status":"closed","ping_status":"closed","sticky":false,"template":"","format":"standard","meta":{"footnotes":""},"categories":[5],"tags":[124,51,315],"class_list":["post-2770","post","type-post","status-publish","format-standard","has-post-thumbnail","hentry","category-coluna","tag-famosos","tag-premio","tag-zildette-montiel"],"_links":{"self":[{"href":"https:\/\/gilfuentes.com.br\/novo\/wp-json\/wp\/v2\/posts\/2770","targetHints":{"allow":["GET"]}}],"collection":[{"href":"https:\/\/gilfuentes.com.br\/novo\/wp-json\/wp\/v2\/posts"}],"about":[{"href":"https:\/\/gilfuentes.com.br\/novo\/wp-json\/wp\/v2\/types\/post"}],"author":[{"embeddable":true,"href":"https:\/\/gilfuentes.com.br\/novo\/wp-json\/wp\/v2\/users\/1"}],"replies":[{"embeddable":true,"href":"https:\/\/gilfuentes.com.br\/novo\/wp-json\/wp\/v2\/comments?post=2770"}],"version-history":[{"count":3,"href":"https:\/\/gilfuentes.com.br\/novo\/wp-json\/wp\/v2\/posts\/2770\/revisions"}],"predecessor-version":[{"id":2787,"href":"https:\/\/gilfuentes.com.br\/novo\/wp-json\/wp\/v2\/posts\/2770\/revisions\/2787"}],"wp:featuredmedia":[{"embeddable":true,"href":"https:\/\/gilfuentes.com.br\/novo\/wp-json\/wp\/v2\/media\/2788"}],"wp:attachment":[{"href":"https:\/\/gilfuentes.com.br\/novo\/wp-json\/wp\/v2\/media?parent=2770"}],"wp:term":[{"taxonomy":"category","embeddable":true,"href":"https:\/\/gilfuentes.com.br\/novo\/wp-json\/wp\/v2\/categories?post=2770"},{"taxonomy":"post_tag","embeddable":true,"href":"https:\/\/gilfuentes.com.br\/novo\/wp-json\/wp\/v2\/tags?post=2770"}],"curies":[{"name":"wp","href":"https:\/\/api.w.org\/{rel}","templated":true}]}}