{"id":407,"date":"2012-08-08T15:36:04","date_gmt":"2012-08-08T15:36:04","guid":{"rendered":"https:\/\/gilfuentes.com.br\/novo\/?p=407"},"modified":"2012-08-22T03:12:41","modified_gmt":"2012-08-22T03:12:41","slug":"making-of-triangulo-moda-colecao-primavera-verao-20122013","status":"publish","type":"post","link":"https:\/\/gilfuentes.com.br\/novo\/making-of-triangulo-moda-colecao-primavera-verao-20122013","title":{"rendered":"Making Of Tri\u00e2ngulo Moda &#8211; Cole\u00e7\u00e3o Primavera Ver\u00e3o 2012|2013"},"content":{"rendered":"<p>Dia 27 de julho, no est\u00fadio do badalado fot\u00f3grafo Cesare B\u00e1rbaro, em S\u00e3o Paulo,\u00a0 foram realizadas as fotos para a campanha publicit\u00e1ria e cat\u00e1logo da Tri\u00e2ngulo, especializada em moda feminina.<\/p>\n<p>Com maquiagem e cabelo de Alex Salom\u00e3o a bela modelo Ana Gequelin da ag\u00eancia Joy posou para as lentes do fot\u00f3grafo. O styling e produ\u00e7\u00e3o ficou a cargo da equipe de estilo da marca.<\/p>\n<p>A cole\u00e7\u00e3o tem pe\u00e7as inspiradas nos anos 50 e 60, com roupas bem femininas, com cintura marcada, cal\u00e7as cigarrette sendo que as saias e vestidos longos e amplos, adequados para o alto Ver\u00e3o, tamb\u00e9m estar\u00e3o nas araras das lojas.<\/p>\n<p>\u201cGostei de tudo: as roupas s\u00e3o super femininas, leves, confort\u00e1veis e cheias de estilo, vou querer todas para meu closet!\u201d, exaltou a modelo.<\/p>\n<p>A nova campanha ser\u00e1 divulgada a partir de setembro de 2012<\/p>\n<p><a href=\"http:\/\/www.triangulomoda.com.br\/\">www.triangulomoda.com.br<\/a><\/p>\n<p>Fotos: Miguel Arcanjo<\/p>\n<p>&nbsp;<\/p>\n\n\t\t<style type=\"text\/css\">\n\t\t\t#gallery-1 {\n\t\t\t\tmargin: auto;\n\t\t\t}\n\t\t\t#gallery-1 .gallery-item {\n\t\t\t\tfloat: left;\n\t\t\t\tmargin-top: 10px;\n\t\t\t\ttext-align: center;\n\t\t\t\twidth: 33%;\n\t\t\t}\n\t\t\t#gallery-1 img {\n\t\t\t\tborder: 2px solid #cfcfcf;\n\t\t\t}\n\t\t\t#gallery-1 .gallery-caption {\n\t\t\t\tmargin-left: 0;\n\t\t\t}\n\t\t\t\/* see gallery_shortcode() in wp-includes\/media.php *\/\n\t\t<\/style>\n\t\t<div id='gallery-1' class='gallery galleryid-407 gallery-columns-3 gallery-size-thumbnail'><dl class='gallery-item'>\n\t\t\t<dt class='gallery-icon landscape'>\n\t\t\t\t<a href='https:\/\/gilfuentes.com.br\/novo\/wp-content\/uploads\/2012\/08\/2121-MakingOfTriangulo-AnaGequelin.jpg'><img loading=\"lazy\" decoding=\"async\" width=\"150\" height=\"150\" src=\"https:\/\/gilfuentes.com.br\/novo\/wp-content\/uploads\/2012\/08\/2121-MakingOfTriangulo-AnaGequelin-150x150.jpg\" class=\"attachment-thumbnail size-thumbnail\" alt=\"\" \/><\/a>\n\t\t\t<\/dt><\/dl><dl class='gallery-item'>\n\t\t\t<dt class='gallery-icon landscape'>\n\t\t\t\t<a href='https:\/\/gilfuentes.com.br\/novo\/wp-content\/uploads\/2012\/08\/2216-Cesare-Barbaro-e-Ana-Gequelin.jpg'><img loading=\"lazy\" decoding=\"async\" width=\"150\" height=\"150\" src=\"https:\/\/gilfuentes.com.br\/novo\/wp-content\/uploads\/2012\/08\/2216-Cesare-Barbaro-e-Ana-Gequelin-150x150.jpg\" class=\"attachment-thumbnail size-thumbnail\" alt=\"\" \/><\/a>\n\t\t\t<\/dt><\/dl><dl class='gallery-item'>\n\t\t\t<dt class='gallery-icon portrait'>\n\t\t\t\t<a href='https:\/\/gilfuentes.com.br\/novo\/wp-content\/uploads\/2012\/08\/2232-AlexSalom\u00e3oAnaGequelin-e-CesareBarbaro.jpg'><img loading=\"lazy\" decoding=\"async\" width=\"150\" height=\"150\" src=\"https:\/\/gilfuentes.com.br\/novo\/wp-content\/uploads\/2012\/08\/2232-AlexSalom\u00e3oAnaGequelin-e-CesareBarbaro-150x150.jpg\" class=\"attachment-thumbnail size-thumbnail\" alt=\"\" \/><\/a>\n\t\t\t<\/dt><\/dl><br style=\"clear: both\" \/><dl class='gallery-item'>\n\t\t\t<dt class='gallery-icon portrait'>\n\t\t\t\t<a href='https:\/\/gilfuentes.com.br\/novo\/wp-content\/uploads\/2012\/08\/2245-AnaGequelin-MakingOf-Triangulo.jpg'><img loading=\"lazy\" decoding=\"async\" width=\"150\" height=\"150\" src=\"https:\/\/gilfuentes.com.br\/novo\/wp-content\/uploads\/2012\/08\/2245-AnaGequelin-MakingOf-Triangulo-150x150.jpg\" class=\"attachment-thumbnail size-thumbnail\" alt=\"\" \/><\/a>\n\t\t\t<\/dt><\/dl><dl class='gallery-item'>\n\t\t\t<dt class='gallery-icon landscape'>\n\t\t\t\t<a href='https:\/\/gilfuentes.com.br\/novo\/wp-content\/uploads\/2012\/08\/2287CarolinaPradoLelaSantosAnaGequelinLucas-RizattiMarcia-Crause-e-CesareBarbaro.jpg'><img loading=\"lazy\" decoding=\"async\" width=\"150\" height=\"150\" src=\"https:\/\/gilfuentes.com.br\/novo\/wp-content\/uploads\/2012\/08\/2287CarolinaPradoLelaSantosAnaGequelinLucas-RizattiMarcia-Crause-e-CesareBarbaro-150x150.jpg\" class=\"attachment-thumbnail size-thumbnail\" alt=\"\" \/><\/a>\n\t\t\t<\/dt><\/dl><dl class='gallery-item'>\n\t\t\t<dt class='gallery-icon landscape'>\n\t\t\t\t<a href='https:\/\/gilfuentes.com.br\/novo\/wp-content\/uploads\/2012\/08\/IMG_2288-Equipe-+-modelo-Carolina-Prado-Lela-Santos-Ana-Gequelin-Lucas-Rizatti-e-Marcia-Crause.png.jpg'><img loading=\"lazy\" decoding=\"async\" width=\"150\" height=\"150\" src=\"https:\/\/gilfuentes.com.br\/novo\/wp-content\/uploads\/2012\/08\/IMG_2288-Equipe-+-modelo-Carolina-Prado-Lela-Santos-Ana-Gequelin-Lucas-Rizatti-e-Marcia-Crause.png-150x150.jpg\" class=\"attachment-thumbnail size-thumbnail\" alt=\"\" \/><\/a>\n\t\t\t<\/dt><\/dl><br style=\"clear: both\" \/>\n\t\t<\/div>\n\n","protected":false},"excerpt":{"rendered":"<p>Dia 27 de julho, no est\u00fadio do badalado fot\u00f3grafo Cesare B\u00e1rbaro, em S\u00e3o Paulo,\u00a0 foram realizadas as fotos para a [&hellip;]<\/p>\n","protected":false},"author":1,"featured_media":413,"comment_status":"open","ping_status":"open","sticky":false,"template":"","format":"standard","meta":{"footnotes":""},"categories":[12],"tags":[38,595,39,41,40],"class_list":["post-407","post","type-post","status-publish","format-standard","has-post-thumbnail","hentry","category-moda","tag-ensaio","tag-moda","tag-primavera","tag-triangulo-moda","tag-verao"],"_links":{"self":[{"href":"https:\/\/gilfuentes.com.br\/novo\/wp-json\/wp\/v2\/posts\/407","targetHints":{"allow":["GET"]}}],"collection":[{"href":"https:\/\/gilfuentes.com.br\/novo\/wp-json\/wp\/v2\/posts"}],"about":[{"href":"https:\/\/gilfuentes.com.br\/novo\/wp-json\/wp\/v2\/types\/post"}],"author":[{"embeddable":true,"href":"https:\/\/gilfuentes.com.br\/novo\/wp-json\/wp\/v2\/users\/1"}],"replies":[{"embeddable":true,"href":"https:\/\/gilfuentes.com.br\/novo\/wp-json\/wp\/v2\/comments?post=407"}],"version-history":[{"count":3,"href":"https:\/\/gilfuentes.com.br\/novo\/wp-json\/wp\/v2\/posts\/407\/revisions"}],"predecessor-version":[{"id":567,"href":"https:\/\/gilfuentes.com.br\/novo\/wp-json\/wp\/v2\/posts\/407\/revisions\/567"}],"wp:featuredmedia":[{"embeddable":true,"href":"https:\/\/gilfuentes.com.br\/novo\/wp-json\/wp\/v2\/media\/413"}],"wp:attachment":[{"href":"https:\/\/gilfuentes.com.br\/novo\/wp-json\/wp\/v2\/media?parent=407"}],"wp:term":[{"taxonomy":"category","embeddable":true,"href":"https:\/\/gilfuentes.com.br\/novo\/wp-json\/wp\/v2\/categories?post=407"},{"taxonomy":"post_tag","embeddable":true,"href":"https:\/\/gilfuentes.com.br\/novo\/wp-json\/wp\/v2\/tags?post=407"}],"curies":[{"name":"wp","href":"https:\/\/api.w.org\/{rel}","templated":true}]}}