{"id":43952,"date":"2019-10-12T07:06:40","date_gmt":"2019-10-12T10:06:40","guid":{"rendered":"https:\/\/gilfuentes.com.br\/novo\/?p=43952"},"modified":"2019-10-10T21:22:02","modified_gmt":"2019-10-11T00:22:02","slug":"crianca-feliz-4","status":"publish","type":"post","link":"https:\/\/gilfuentes.com.br\/novo\/crianca-feliz-4","title":{"rendered":"Crian\u00e7a Feliz"},"content":{"rendered":"<p>J\u00e9ssica Carneiro promove hoje, do meio dia \u00e0s 17 horas, a 2\u00aa edi\u00e7\u00e3o do Crian\u00e7a Feliz do Jardim Gard\u00eania Azul, com muitas atividades para a crian\u00e7ada e shows com artistas da regi\u00e3o.<\/p>\n<p>&nbsp;<\/p>\n","protected":false},"excerpt":{"rendered":"<p>J\u00e9ssica Carneiro promove hoje, do meio dia \u00e0s 17 horas, a 2\u00aa edi\u00e7\u00e3o do Crian\u00e7a Feliz do Jardim Gard\u00eania Azul, [&hellip;]<\/p>\n","protected":false},"author":1,"featured_media":0,"comment_status":"closed","ping_status":"closed","sticky":false,"template":"","format":"standard","meta":{"footnotes":""},"categories":[7],"tags":[],"class_list":["post-43952","post","type-post","status-publish","format-standard","hentry","category-notas"],"_links":{"self":[{"href":"https:\/\/gilfuentes.com.br\/novo\/wp-json\/wp\/v2\/posts\/43952","targetHints":{"allow":["GET"]}}],"collection":[{"href":"https:\/\/gilfuentes.com.br\/novo\/wp-json\/wp\/v2\/posts"}],"about":[{"href":"https:\/\/gilfuentes.com.br\/novo\/wp-json\/wp\/v2\/types\/post"}],"author":[{"embeddable":true,"href":"https:\/\/gilfuentes.com.br\/novo\/wp-json\/wp\/v2\/users\/1"}],"replies":[{"embeddable":true,"href":"https:\/\/gilfuentes.com.br\/novo\/wp-json\/wp\/v2\/comments?post=43952"}],"version-history":[{"count":1,"href":"https:\/\/gilfuentes.com.br\/novo\/wp-json\/wp\/v2\/posts\/43952\/revisions"}],"predecessor-version":[{"id":43953,"href":"https:\/\/gilfuentes.com.br\/novo\/wp-json\/wp\/v2\/posts\/43952\/revisions\/43953"}],"wp:attachment":[{"href":"https:\/\/gilfuentes.com.br\/novo\/wp-json\/wp\/v2\/media?parent=43952"}],"wp:term":[{"taxonomy":"category","embeddable":true,"href":"https:\/\/gilfuentes.com.br\/novo\/wp-json\/wp\/v2\/categories?post=43952"},{"taxonomy":"post_tag","embeddable":true,"href":"https:\/\/gilfuentes.com.br\/novo\/wp-json\/wp\/v2\/tags?post=43952"}],"curies":[{"name":"wp","href":"https:\/\/api.w.org\/{rel}","templated":true}]}}