{"id":46859,"date":"2020-04-11T13:40:14","date_gmt":"2020-04-11T16:40:14","guid":{"rendered":"https:\/\/gilfuentes.com.br\/novo\/?p=46859"},"modified":"2020-04-11T13:40:14","modified_gmt":"2020-04-11T16:40:14","slug":"fafas-hamburgueria","status":"publish","type":"post","link":"https:\/\/gilfuentes.com.br\/novo\/fafas-hamburgueria","title":{"rendered":"Fafa\u2019s Hamburgueria"},"content":{"rendered":"<p>Os irm\u00e3os Faberson e Fabr\u00edcio Amorim abriram em 2015 a Fafa\u2019s Hamburgueria, em Suzano, por\u00e9m em 2016 Faberson (foto) assumiu sozinho o concorrido endere\u00e7o. Os lanches foram elaborados com muito cuidado e capricho.<\/p>\n<p>&nbsp;<\/p>\n<p>&nbsp;<\/p>\n<p>O ambiente \u00e9 bastante aconchegante e passeia entre o r\u00fastico e contempor\u00e2neo, com tijolos \u00e0 vista e detalhes que fazem a diferen\u00e7a.<\/p>\n<p>&nbsp;<\/p>\n<p>&nbsp;<\/p>\n<p><a href=\"https:\/\/gilfuentes.com.br\/novo\/wp-content\/uploads\/2020\/04\/Faberson-Amorim-fachada.jpg\"><img loading=\"lazy\" decoding=\"async\" class=\"alignnone size-full wp-image-46870\" src=\"https:\/\/gilfuentes.com.br\/novo\/wp-content\/uploads\/2020\/04\/Faberson-Amorim-fachada.jpg\" alt=\"\" width=\"734\" height=\"510\" srcset=\"https:\/\/gilfuentes.com.br\/novo\/wp-content\/uploads\/2020\/04\/Faberson-Amorim-fachada.jpg 734w, https:\/\/gilfuentes.com.br\/novo\/wp-content\/uploads\/2020\/04\/Faberson-Amorim-fachada-360x250.jpg 360w\" sizes=\"auto, (max-width: 734px) 100vw, 734px\" \/><\/a><\/p>\n<p>&nbsp;<\/p>\n<p><strong>Hamb\u00fargueres<\/strong><\/p>\n<p>Os nomes dos hamb\u00fargueres s\u00e3o todos em homenagem a algu\u00e9m especial da fam\u00edlia, inclusive de sua m\u00e3e, F\u00e1tima.<\/p>\n<p>&nbsp;<\/p>\n<p>&nbsp;<\/p>\n<p><a href=\"https:\/\/gilfuentes.com.br\/novo\/wp-content\/uploads\/2020\/04\/Faberson-Amorim-card\u00e1pio1.jpg\"><img loading=\"lazy\" decoding=\"async\" class=\"alignnone size-full wp-image-46866\" src=\"https:\/\/gilfuentes.com.br\/novo\/wp-content\/uploads\/2020\/04\/Faberson-Amorim-card\u00e1pio1.jpg\" alt=\"\" width=\"380\" height=\"510\" srcset=\"https:\/\/gilfuentes.com.br\/novo\/wp-content\/uploads\/2020\/04\/Faberson-Amorim-card\u00e1pio1.jpg 380w, https:\/\/gilfuentes.com.br\/novo\/wp-content\/uploads\/2020\/04\/Faberson-Amorim-card\u00e1pio1-186x250.jpg 186w\" sizes=\"auto, (max-width: 380px) 100vw, 380px\" \/><\/a><\/p>\n<p>&nbsp;<\/p>\n<p><strong>Fatinha<\/strong> = m\u00e3e<\/p>\n<p><strong>Mari<\/strong> = irm\u00e3<\/p>\n<p><strong>Eng. Amorim<\/strong> = pai<\/p>\n<p>&nbsp;<\/p>\n<p>&nbsp;<\/p>\n<p><a href=\"https:\/\/gilfuentes.com.br\/novo\/wp-content\/uploads\/2020\/04\/Faberson-Amorim-card\u00e1pio.jpg\"><img loading=\"lazy\" decoding=\"async\" class=\"alignnone size-full wp-image-46865\" src=\"https:\/\/gilfuentes.com.br\/novo\/wp-content\/uploads\/2020\/04\/Faberson-Amorim-card\u00e1pio.jpg\" alt=\"\" width=\"380\" height=\"510\" srcset=\"https:\/\/gilfuentes.com.br\/novo\/wp-content\/uploads\/2020\/04\/Faberson-Amorim-card\u00e1pio.jpg 380w, https:\/\/gilfuentes.com.br\/novo\/wp-content\/uploads\/2020\/04\/Faberson-Amorim-card\u00e1pio-186x250.jpg 186w\" sizes=\"auto, (max-width: 380px) 100vw, 380px\" \/><\/a><\/p>\n<p><strong>\u00a0<\/strong><\/p>\n<p><strong>Viriri<\/strong> = mulher (V\u00edvian)<\/p>\n<p><strong>De Lucca<\/strong> = Rodrigo de Lucca (policial assassinado em 2014) soldado De Lucca<\/p>\n<p><strong>Don Barbosa<\/strong> = nome da rua<\/p>\n<p>&nbsp;<\/p>\n<p>&nbsp;<\/p>\n<p><a href=\"https:\/\/gilfuentes.com.br\/novo\/wp-content\/uploads\/2020\/04\/Faberson-Amorim2.jpg\"><img loading=\"lazy\" decoding=\"async\" class=\"alignnone size-full wp-image-46864\" src=\"https:\/\/gilfuentes.com.br\/novo\/wp-content\/uploads\/2020\/04\/Faberson-Amorim2.jpg\" alt=\"\" width=\"380\" height=\"510\" srcset=\"https:\/\/gilfuentes.com.br\/novo\/wp-content\/uploads\/2020\/04\/Faberson-Amorim2.jpg 380w, https:\/\/gilfuentes.com.br\/novo\/wp-content\/uploads\/2020\/04\/Faberson-Amorim2-186x250.jpg 186w\" sizes=\"auto, (max-width: 380px) 100vw, 380px\" \/><\/a><\/p>\n<p>&nbsp;<\/p>\n<p><strong>Homenagem \u00e0 filha Marjorie<\/strong> \u2013 ainda n\u00e3o foi inclu\u00eddo no card\u00e1pio<\/p>\n<p>O lanche se chama Marjo: p\u00e3o de brioche, maionese de alho, hamb\u00farguer bovino grelhado, queijo cheddar, cebola roxa, BACON EMPANADO com molho barbecue.<\/p>\n<p>&nbsp;<\/p>\n<p><a href=\"https:\/\/gilfuentes.com.br\/novo\/wp-content\/uploads\/2020\/04\/Faberson-Amorim-Marjo.jpg\"><img loading=\"lazy\" decoding=\"async\" class=\"alignnone size-full wp-image-46871\" src=\"https:\/\/gilfuentes.com.br\/novo\/wp-content\/uploads\/2020\/04\/Faberson-Amorim-Marjo.jpg\" alt=\"\" width=\"734\" height=\"510\" srcset=\"https:\/\/gilfuentes.com.br\/novo\/wp-content\/uploads\/2020\/04\/Faberson-Amorim-Marjo.jpg 734w, https:\/\/gilfuentes.com.br\/novo\/wp-content\/uploads\/2020\/04\/Faberson-Amorim-Marjo-360x250.jpg 360w\" sizes=\"auto, (max-width: 734px) 100vw, 734px\" \/><\/a><\/p>\n<p>&nbsp;<\/p>\n<p>&nbsp;<\/p>\n<p><strong>Homenagem ao filho Valentim <\/strong>\u2013 ainda n\u00e3o foi inclu\u00eddo no card\u00e1pio<\/p>\n<p>Est\u00e1 em fase de elabora\u00e7\u00e3o. Ser\u00e1 uma homenagem ao filho Valentin e o nome do lanche ser\u00e1 Valent\u00e3o do Hamb\u00farguer.<\/p>\n<p>&nbsp;<\/p>\n<p>&nbsp;<\/p>\n<p><strong>Fafa\u2019s Hamburgueria<\/strong><\/p>\n<p>Rua Rui Barbosa, n\u00ba 150 \u2013 Centro \u2013 Suzano \u2013 SP.<\/p>\n<p>Telefone: 4759-0460<\/p>\n<p>Voc\u00ea pode tamb\u00e9m pedir seu lanche pelo iFood<\/p>\n<p>&nbsp;<\/p>\n<p>&nbsp;<\/p>\n<p><a href=\"https:\/\/gilfuentes.com.br\/novo\/wp-content\/uploads\/2020\/04\/Faberson-Amorim-De-Lucca.jpg\"><img loading=\"lazy\" decoding=\"async\" class=\"alignnone size-full wp-image-46869\" src=\"https:\/\/gilfuentes.com.br\/novo\/wp-content\/uploads\/2020\/04\/Faberson-Amorim-De-Lucca.jpg\" alt=\"\" width=\"734\" height=\"510\" srcset=\"https:\/\/gilfuentes.com.br\/novo\/wp-content\/uploads\/2020\/04\/Faberson-Amorim-De-Lucca.jpg 734w, https:\/\/gilfuentes.com.br\/novo\/wp-content\/uploads\/2020\/04\/Faberson-Amorim-De-Lucca-360x250.jpg 360w\" sizes=\"auto, (max-width: 734px) 100vw, 734px\" \/><\/a><\/p>\n<p>&nbsp;<\/p>\n<p><strong>Hor\u00e1rio de funcionamento para delivery<\/strong><\/p>\n<p>De segunda a quinta-feira das 18 \u00e0s 22h30<\/p>\n<p>Sexta e s\u00e1bado das 18 \u00e0s 23 horas<\/p>\n<p>Domingo das 19 \u00e0s 22h45<\/p>\n<p>&nbsp;<\/p>\n<p><a href=\"https:\/\/gilfuentes.com.br\/novo\/wp-content\/uploads\/2020\/04\/Faberson-Amorim-decora\u00e7\u00e3o1.jpg\"><img loading=\"lazy\" decoding=\"async\" class=\"alignnone size-full wp-image-46868\" src=\"https:\/\/gilfuentes.com.br\/novo\/wp-content\/uploads\/2020\/04\/Faberson-Amorim-decora\u00e7\u00e3o1.jpg\" alt=\"\" width=\"734\" height=\"510\" srcset=\"https:\/\/gilfuentes.com.br\/novo\/wp-content\/uploads\/2020\/04\/Faberson-Amorim-decora\u00e7\u00e3o1.jpg 734w, https:\/\/gilfuentes.com.br\/novo\/wp-content\/uploads\/2020\/04\/Faberson-Amorim-decora\u00e7\u00e3o1-360x250.jpg 360w\" sizes=\"auto, (max-width: 734px) 100vw, 734px\" \/><\/a><\/p>\n<p>&nbsp;<\/p>\n<p><a href=\"https:\/\/gilfuentes.com.br\/novo\/wp-content\/uploads\/2020\/04\/Faberson-Amorim-decora\u00e7\u00e3o.jpg\"><img loading=\"lazy\" decoding=\"async\" class=\"alignnone size-full wp-image-46867\" src=\"https:\/\/gilfuentes.com.br\/novo\/wp-content\/uploads\/2020\/04\/Faberson-Amorim-decora\u00e7\u00e3o.jpg\" alt=\"\" width=\"734\" height=\"510\" srcset=\"https:\/\/gilfuentes.com.br\/novo\/wp-content\/uploads\/2020\/04\/Faberson-Amorim-decora\u00e7\u00e3o.jpg 734w, https:\/\/gilfuentes.com.br\/novo\/wp-content\/uploads\/2020\/04\/Faberson-Amorim-decora\u00e7\u00e3o-360x250.jpg 360w\" sizes=\"auto, (max-width: 734px) 100vw, 734px\" \/><\/a><\/p>\n<p>&nbsp;<\/p>\n<p><a href=\"https:\/\/gilfuentes.com.br\/novo\/wp-content\/uploads\/2020\/04\/Faberson-Amorim1.jpg\"><img loading=\"lazy\" decoding=\"async\" class=\"alignnone size-full wp-image-46863\" src=\"https:\/\/gilfuentes.com.br\/novo\/wp-content\/uploads\/2020\/04\/Faberson-Amorim1.jpg\" alt=\"\" width=\"380\" height=\"510\" srcset=\"https:\/\/gilfuentes.com.br\/novo\/wp-content\/uploads\/2020\/04\/Faberson-Amorim1.jpg 380w, https:\/\/gilfuentes.com.br\/novo\/wp-content\/uploads\/2020\/04\/Faberson-Amorim1-186x250.jpg 186w\" sizes=\"auto, (max-width: 380px) 100vw, 380px\" \/><\/a><\/p>\n<p>&nbsp;<\/p>\n<p>&nbsp;<\/p>\n<p>&nbsp;<\/p>\n<p>&nbsp;<\/p>\n","protected":false},"excerpt":{"rendered":"<p>Os irm\u00e3os Faberson e Fabr\u00edcio Amorim abriram em 2015 a Fafa\u2019s Hamburgueria, em Suzano, por\u00e9m em 2016 Faberson (foto) assumiu [&hellip;]<\/p>\n","protected":false},"author":1,"featured_media":46862,"comment_status":"closed","ping_status":"closed","sticky":false,"template":"","format":"standard","meta":{"footnotes":""},"categories":[5,70,8],"tags":[],"class_list":["post-46859","post","type-post","status-publish","format-standard","has-post-thumbnail","hentry","category-coluna","category-gastronomia-noticias","category-noticias"],"_links":{"self":[{"href":"https:\/\/gilfuentes.com.br\/novo\/wp-json\/wp\/v2\/posts\/46859","targetHints":{"allow":["GET"]}}],"collection":[{"href":"https:\/\/gilfuentes.com.br\/novo\/wp-json\/wp\/v2\/posts"}],"about":[{"href":"https:\/\/gilfuentes.com.br\/novo\/wp-json\/wp\/v2\/types\/post"}],"author":[{"embeddable":true,"href":"https:\/\/gilfuentes.com.br\/novo\/wp-json\/wp\/v2\/users\/1"}],"replies":[{"embeddable":true,"href":"https:\/\/gilfuentes.com.br\/novo\/wp-json\/wp\/v2\/comments?post=46859"}],"version-history":[{"count":1,"href":"https:\/\/gilfuentes.com.br\/novo\/wp-json\/wp\/v2\/posts\/46859\/revisions"}],"predecessor-version":[{"id":46873,"href":"https:\/\/gilfuentes.com.br\/novo\/wp-json\/wp\/v2\/posts\/46859\/revisions\/46873"}],"wp:featuredmedia":[{"embeddable":true,"href":"https:\/\/gilfuentes.com.br\/novo\/wp-json\/wp\/v2\/media\/46862"}],"wp:attachment":[{"href":"https:\/\/gilfuentes.com.br\/novo\/wp-json\/wp\/v2\/media?parent=46859"}],"wp:term":[{"taxonomy":"category","embeddable":true,"href":"https:\/\/gilfuentes.com.br\/novo\/wp-json\/wp\/v2\/categories?post=46859"},{"taxonomy":"post_tag","embeddable":true,"href":"https:\/\/gilfuentes.com.br\/novo\/wp-json\/wp\/v2\/tags?post=46859"}],"curies":[{"name":"wp","href":"https:\/\/api.w.org\/{rel}","templated":true}]}}