{"id":49904,"date":"2022-04-23T00:03:54","date_gmt":"2022-04-23T03:03:54","guid":{"rendered":"https:\/\/gilfuentes.com.br\/novo\/?p=49904"},"modified":"2022-04-22T15:07:43","modified_gmt":"2022-04-22T18:07:43","slug":"o-1o-ano-do-gabriel-no-melhor-estilo-safari","status":"publish","type":"post","link":"https:\/\/gilfuentes.com.br\/novo\/o-1o-ano-do-gabriel-no-melhor-estilo-safari","title":{"rendered":"O 1\u00ba ano do Gabriel no melhor estilo Safari"},"content":{"rendered":"<p>Mayara Fuentes Naufel e Daniel Naufel armaram uma gostosa festa para comemorar o primeiro aninho do filho Gabriel, um loirinho de olhos azuis encantador. O primog\u00eanito Davi foi o que mais curtiu os brinquedos do gostoso Santa Arrua\u00e7a, em Aruj\u00e1, onde receberam familiares e amigos. A decora\u00e7\u00e3o estava um primor e foi assinada por \u00c9rica e Alexandre Neves da Doce de La\u00e7o.<\/p>\n<p>&nbsp;<\/p>\n<p>Foto: Gil Fuentes<\/p>\n<p>&nbsp;<\/p>\n<p>&nbsp;<\/p>\n<p><img loading=\"lazy\" decoding=\"async\" class=\"alignnone size-full wp-image-49906\" src=\"https:\/\/gilfuentes.com.br\/novo\/wp-content\/uploads\/2022\/04\/site2-Vera-e-Gil-Fuentes-com-Gabriel.jpg\" alt=\"\" width=\"734\" height=\"510\" srcset=\"https:\/\/gilfuentes.com.br\/novo\/wp-content\/uploads\/2022\/04\/site2-Vera-e-Gil-Fuentes-com-Gabriel.jpg 734w, https:\/\/gilfuentes.com.br\/novo\/wp-content\/uploads\/2022\/04\/site2-Vera-e-Gil-Fuentes-com-Gabriel-360x250.jpg 360w\" sizes=\"auto, (max-width: 734px) 100vw, 734px\" \/><\/p>\n<p><strong>Av\u00f3s maternos<\/strong><\/p>\n<p>Vera e Gil Fuentes com o neto Gabriel<\/p>\n<p>Foto: Herbert Fuentes<\/p>\n<p>&nbsp;<\/p>\n<p>&nbsp;<\/p>\n<p><img loading=\"lazy\" decoding=\"async\" class=\"alignnone size-full wp-image-49907\" src=\"https:\/\/gilfuentes.com.br\/novo\/wp-content\/uploads\/2022\/04\/site3-Cris-e-Henrique-Naufel-com-Gabriel.jpg\" alt=\"\" width=\"734\" height=\"510\" srcset=\"https:\/\/gilfuentes.com.br\/novo\/wp-content\/uploads\/2022\/04\/site3-Cris-e-Henrique-Naufel-com-Gabriel.jpg 734w, https:\/\/gilfuentes.com.br\/novo\/wp-content\/uploads\/2022\/04\/site3-Cris-e-Henrique-Naufel-com-Gabriel-360x250.jpg 360w\" sizes=\"auto, (max-width: 734px) 100vw, 734px\" \/><\/p>\n<p><strong>Av\u00f3s paternos<\/strong><\/p>\n<p>Cris e Henrique Naufel com o neto Gabriel<\/p>\n<p>Foto: Gil Fuentes<\/p>\n<p>&nbsp;<\/p>\n<p>&nbsp;<\/p>\n<p><img loading=\"lazy\" decoding=\"async\" class=\"alignnone size-full wp-image-49908\" src=\"https:\/\/gilfuentes.com.br\/novo\/wp-content\/uploads\/2022\/04\/site4-Layne-Mayara-Gabriel-e-Lygia.jpg\" alt=\"\" width=\"734\" height=\"510\" srcset=\"https:\/\/gilfuentes.com.br\/novo\/wp-content\/uploads\/2022\/04\/site4-Layne-Mayara-Gabriel-e-Lygia.jpg 734w, https:\/\/gilfuentes.com.br\/novo\/wp-content\/uploads\/2022\/04\/site4-Layne-Mayara-Gabriel-e-Lygia-360x250.jpg 360w\" sizes=\"auto, (max-width: 734px) 100vw, 734px\" \/><\/p>\n<p><strong>Titias corujas<\/strong><\/p>\n<p>Mayara Fuentes Naufel com o filho Gabriel e as titias Layne e Lygia Fuentes<\/p>\n<p>Foto: Gil Fuentes<\/p>\n<p>&nbsp;<\/p>\n<p>&nbsp;<\/p>\n<p><img loading=\"lazy\" decoding=\"async\" class=\"alignnone size-full wp-image-49909\" src=\"https:\/\/gilfuentes.com.br\/novo\/wp-content\/uploads\/2022\/04\/site5-Gabriel-Daniel-Lucas-Guilherme-e-Pedro-Naufel.jpg\" alt=\"\" width=\"734\" height=\"510\" srcset=\"https:\/\/gilfuentes.com.br\/novo\/wp-content\/uploads\/2022\/04\/site5-Gabriel-Daniel-Lucas-Guilherme-e-Pedro-Naufel.jpg 734w, https:\/\/gilfuentes.com.br\/novo\/wp-content\/uploads\/2022\/04\/site5-Gabriel-Daniel-Lucas-Guilherme-e-Pedro-Naufel-360x250.jpg 360w\" sizes=\"auto, (max-width: 734px) 100vw, 734px\" \/><\/p>\n<p><strong>Titios corujas<\/strong><\/p>\n<p>Daniel Naufel com o filho Gabriel; Lucas Naufel, com o filho Guilherme e Pedro Naufel<\/p>\n<p>Foto: Gil Fuentes<\/p>\n<p>&nbsp;<\/p>\n<p>&nbsp;<\/p>\n<p><img loading=\"lazy\" decoding=\"async\" class=\"alignnone size-full wp-image-49910\" src=\"https:\/\/gilfuentes.com.br\/novo\/wp-content\/uploads\/2022\/04\/site6.jpg\" alt=\"\" width=\"734\" height=\"510\" srcset=\"https:\/\/gilfuentes.com.br\/novo\/wp-content\/uploads\/2022\/04\/site6.jpg 734w, https:\/\/gilfuentes.com.br\/novo\/wp-content\/uploads\/2022\/04\/site6-360x250.jpg 360w\" sizes=\"auto, (max-width: 734px) 100vw, 734px\" \/><\/p>\n<p>Marisa Fuentes com os filhos Felipe e Leandro, as noras, Vanessa e B\u00e1rbara, as sobrinhas, Mayra e Aryane (com a filha Maria J\u00falia), e o neto Miguel<\/p>\n<p>&nbsp;<\/p>\n<p>&nbsp;<\/p>\n<p><img loading=\"lazy\" decoding=\"async\" class=\"alignnone size-full wp-image-49911\" src=\"https:\/\/gilfuentes.com.br\/novo\/wp-content\/uploads\/2022\/04\/site7.jpg\" alt=\"\" width=\"734\" height=\"510\" srcset=\"https:\/\/gilfuentes.com.br\/novo\/wp-content\/uploads\/2022\/04\/site7.jpg 734w, https:\/\/gilfuentes.com.br\/novo\/wp-content\/uploads\/2022\/04\/site7-360x250.jpg 360w\" sizes=\"auto, (max-width: 734px) 100vw, 734px\" \/><\/p>\n<p>Gabriel no colo do vov\u00f4 Henrique Naufel, com a vov\u00f3 Cristina Naufel; os papais Daniel e Mayara Fuentes Naufel; os titios Lucas e Nicole Souza Naufel, com o pequeno Guilherme; e o titio Pedro Naufel.<\/p>\n<p>&nbsp;<\/p>\n<p>&nbsp;<\/p>\n<p><img loading=\"lazy\" decoding=\"async\" class=\"alignnone size-full wp-image-49912\" src=\"https:\/\/gilfuentes.com.br\/novo\/wp-content\/uploads\/2022\/04\/site8.jpg\" alt=\"\" width=\"734\" height=\"510\" srcset=\"https:\/\/gilfuentes.com.br\/novo\/wp-content\/uploads\/2022\/04\/site8.jpg 734w, https:\/\/gilfuentes.com.br\/novo\/wp-content\/uploads\/2022\/04\/site8-360x250.jpg 360w\" sizes=\"auto, (max-width: 734px) 100vw, 734px\" \/><\/p>\n<p>Gabriel com os papais Daniel e Mayara Fuentes Naufel; e os titios Karen e Hernert Fuentes e as primas, J\u00falia e Helena<\/p>\n<p>&nbsp;<\/p>\n<p>&nbsp;<\/p>\n","protected":false},"excerpt":{"rendered":"<p>Mayara Fuentes Naufel e Daniel Naufel armaram uma gostosa festa para comemorar o primeiro aninho do filho Gabriel, um loirinho [&hellip;]<\/p>\n","protected":false},"author":1,"featured_media":49905,"comment_status":"closed","ping_status":"closed","sticky":false,"template":"","format":"standard","meta":{"footnotes":""},"categories":[5,8],"tags":[],"class_list":["post-49904","post","type-post","status-publish","format-standard","has-post-thumbnail","hentry","category-coluna","category-noticias"],"_links":{"self":[{"href":"https:\/\/gilfuentes.com.br\/novo\/wp-json\/wp\/v2\/posts\/49904","targetHints":{"allow":["GET"]}}],"collection":[{"href":"https:\/\/gilfuentes.com.br\/novo\/wp-json\/wp\/v2\/posts"}],"about":[{"href":"https:\/\/gilfuentes.com.br\/novo\/wp-json\/wp\/v2\/types\/post"}],"author":[{"embeddable":true,"href":"https:\/\/gilfuentes.com.br\/novo\/wp-json\/wp\/v2\/users\/1"}],"replies":[{"embeddable":true,"href":"https:\/\/gilfuentes.com.br\/novo\/wp-json\/wp\/v2\/comments?post=49904"}],"version-history":[{"count":1,"href":"https:\/\/gilfuentes.com.br\/novo\/wp-json\/wp\/v2\/posts\/49904\/revisions"}],"predecessor-version":[{"id":49913,"href":"https:\/\/gilfuentes.com.br\/novo\/wp-json\/wp\/v2\/posts\/49904\/revisions\/49913"}],"wp:featuredmedia":[{"embeddable":true,"href":"https:\/\/gilfuentes.com.br\/novo\/wp-json\/wp\/v2\/media\/49905"}],"wp:attachment":[{"href":"https:\/\/gilfuentes.com.br\/novo\/wp-json\/wp\/v2\/media?parent=49904"}],"wp:term":[{"taxonomy":"category","embeddable":true,"href":"https:\/\/gilfuentes.com.br\/novo\/wp-json\/wp\/v2\/categories?post=49904"},{"taxonomy":"post_tag","embeddable":true,"href":"https:\/\/gilfuentes.com.br\/novo\/wp-json\/wp\/v2\/tags?post=49904"}],"curies":[{"name":"wp","href":"https:\/\/api.w.org\/{rel}","templated":true}]}}