{"id":52395,"date":"2025-05-28T12:26:20","date_gmt":"2025-05-28T15:26:20","guid":{"rendered":"https:\/\/gilfuentes.com.br\/novo\/?p=52395"},"modified":"2025-05-28T12:26:20","modified_gmt":"2025-05-28T15:26:20","slug":"suzano-volei-renova-contrato-do-central-maicon-leite","status":"publish","type":"post","link":"https:\/\/gilfuentes.com.br\/novo\/suzano-volei-renova-contrato-do-central-maicon-leite","title":{"rendered":"Suzano V\u00f4lei renova contrato do central Maicon Leite"},"content":{"rendered":"<p dir=\"ltr\">3\u00ba melhor atacante da \u00faltima Superliga, atleta contratado em 2024 seguir\u00e1 na Capital do V\u00f4lei para mais uma temporada<\/p>\n<p dir=\"ltr\">\n<p dir=\"ltr\">O Suzano V\u00f4lei segue anunciando seu elenco para a temporada 2025\/26. E nesta quarta-feira (28\/05), o Clube do Alto Tiet\u00ea confirmou a continuidade de um de seus l\u00edderes ao longo da \u00faltima Superliga, o central Maicon Leite, que seguir\u00e1 por mais um ano com a camisa suzanense.<\/p>\n<p dir=\"ltr\">Aos 33 anos, o experiente jogador chegou \u00e0 equipe em 2024 e, desde ent\u00e3o, se tornou um dos nomes mais identificados com a torcida suzanense pela vibra\u00e7\u00e3o em quadra e pela efetividade no ataque. Portanto, sua manuten\u00e7\u00e3o \u00e9 vista como uma importante vit\u00f3ria para o projeto que segue em ascens\u00e3o.<\/p>\n<p dir=\"ltr\">\n<p dir=\"ltr\"><img loading=\"lazy\" decoding=\"async\" class=\"alignnone size-full wp-image-52397\" src=\"https:\/\/gilfuentes.com.br\/novo\/wp-content\/uploads\/2025\/05\/Maicon-Leite2.jpg\" alt=\"\" width=\"734\" height=\"510\" srcset=\"https:\/\/gilfuentes.com.br\/novo\/wp-content\/uploads\/2025\/05\/Maicon-Leite2.jpg 734w, https:\/\/gilfuentes.com.br\/novo\/wp-content\/uploads\/2025\/05\/Maicon-Leite2-360x250.jpg 360w\" sizes=\"auto, (max-width: 734px) 100vw, 734px\" \/><\/p>\n<p dir=\"ltr\">\n<p dir=\"ltr\">Com 2,04m de altura, o mineiro de Barbacena foi o terceiro melhor atacante em m\u00e9dia na \u00faltima Superliga com 62,25% de efetividade, sendo fundamental para a campanha de destaque do Suzano n\u00e3o apenas na liga nacional, como no Campeonato Paulista, no qual foi vice-campe\u00e3o com as cores que seguir\u00e1 vestindo.<\/p>\n<p dir=\"ltr\">\n<p dir=\"ltr\"><img loading=\"lazy\" decoding=\"async\" class=\"alignnone size-full wp-image-52398\" src=\"https:\/\/gilfuentes.com.br\/novo\/wp-content\/uploads\/2025\/05\/Maicon-Leite3.jpg\" alt=\"\" width=\"734\" height=\"510\" srcset=\"https:\/\/gilfuentes.com.br\/novo\/wp-content\/uploads\/2025\/05\/Maicon-Leite3.jpg 734w, https:\/\/gilfuentes.com.br\/novo\/wp-content\/uploads\/2025\/05\/Maicon-Leite3-360x250.jpg 360w\" sizes=\"auto, (max-width: 734px) 100vw, 734px\" \/><\/p>\n<p dir=\"ltr\">\n<p dir=\"ltr\">Com o an\u00fancio da continuidade de Maicon na equipe, o Suzano chega a seis nomes confirmados para a temporada 2025\/26. Al\u00e9m do jogador mineiro, o Clube do Alto Tiet\u00ea tamb\u00e9m j\u00e1 confirmou a chegada do t\u00e9cnico Cezar Douglas, que volta do voleibol europeu ap\u00f3s nove anos longe do Brasil, bem como a manuten\u00e7\u00e3o de tr\u00eas atletas de n\u00edvel de Sele\u00e7\u00e3o Brasileira, caso do oposto Guilherme Sabino, do central Matheus Pedrosa e do levantador Gabriel Bieler. O terceiro meio de rede j\u00e1 definido \u00e9 Leo Andrade, que tamb\u00e9m chega com status de convocado pelo t\u00e9cnico Bernardinho.<\/p>\n<p dir=\"ltr\">\n<p dir=\"ltr\"><img loading=\"lazy\" decoding=\"async\" class=\"alignnone size-full wp-image-52399\" src=\"https:\/\/gilfuentes.com.br\/novo\/wp-content\/uploads\/2025\/05\/Maicon-Leite4.jpg\" alt=\"\" width=\"734\" height=\"510\" srcset=\"https:\/\/gilfuentes.com.br\/novo\/wp-content\/uploads\/2025\/05\/Maicon-Leite4.jpg 734w, https:\/\/gilfuentes.com.br\/novo\/wp-content\/uploads\/2025\/05\/Maicon-Leite4-360x250.jpg 360w\" sizes=\"auto, (max-width: 734px) 100vw, 734px\" \/><\/p>\n<p dir=\"ltr\">\n<p dir=\"ltr\">Maicon apontou sua alegria em seguir por mais um ano na Capital do V\u00f4lei, agradecendo o apoio na temporada 2024\/25 e prometendo ainda mais ra\u00e7a em quadra. &#8220;Fico feliz em poder vestir por mais um ano essa camisa t\u00e3o tradicional do nosso v\u00f4lei. Suzano tem torcida, tem camisa e muita hist\u00f3ria, e isso \u00e9 um combust\u00edvel sem igual para n\u00f3s, atletas. Estou honrado em poder continuar nessa caminhada junto de todos os fan\u00e1ticos, espero v\u00ea-los lotando a nossa Arena em breve&#8221;, destacou o central.<\/p>\n<p dir=\"ltr\">\n<p dir=\"ltr\">FOTOS: Divulga\u00e7\u00e3o\/Suzano V\u00f4lei e Hedgard Moraes\/MTC<\/p>\n<p dir=\"ltr\">\n","protected":false},"excerpt":{"rendered":"<p>3\u00ba melhor atacante da \u00faltima Superliga, atleta contratado em 2024 seguir\u00e1 na Capital do V\u00f4lei para mais uma temporada O [&hellip;]<\/p>\n","protected":false},"author":1,"featured_media":52396,"comment_status":"closed","ping_status":"closed","sticky":false,"template":"","format":"standard","meta":{"footnotes":""},"categories":[5,8],"tags":[],"class_list":["post-52395","post","type-post","status-publish","format-standard","has-post-thumbnail","hentry","category-coluna","category-noticias"],"_links":{"self":[{"href":"https:\/\/gilfuentes.com.br\/novo\/wp-json\/wp\/v2\/posts\/52395","targetHints":{"allow":["GET"]}}],"collection":[{"href":"https:\/\/gilfuentes.com.br\/novo\/wp-json\/wp\/v2\/posts"}],"about":[{"href":"https:\/\/gilfuentes.com.br\/novo\/wp-json\/wp\/v2\/types\/post"}],"author":[{"embeddable":true,"href":"https:\/\/gilfuentes.com.br\/novo\/wp-json\/wp\/v2\/users\/1"}],"replies":[{"embeddable":true,"href":"https:\/\/gilfuentes.com.br\/novo\/wp-json\/wp\/v2\/comments?post=52395"}],"version-history":[{"count":1,"href":"https:\/\/gilfuentes.com.br\/novo\/wp-json\/wp\/v2\/posts\/52395\/revisions"}],"predecessor-version":[{"id":52400,"href":"https:\/\/gilfuentes.com.br\/novo\/wp-json\/wp\/v2\/posts\/52395\/revisions\/52400"}],"wp:featuredmedia":[{"embeddable":true,"href":"https:\/\/gilfuentes.com.br\/novo\/wp-json\/wp\/v2\/media\/52396"}],"wp:attachment":[{"href":"https:\/\/gilfuentes.com.br\/novo\/wp-json\/wp\/v2\/media?parent=52395"}],"wp:term":[{"taxonomy":"category","embeddable":true,"href":"https:\/\/gilfuentes.com.br\/novo\/wp-json\/wp\/v2\/categories?post=52395"},{"taxonomy":"post_tag","embeddable":true,"href":"https:\/\/gilfuentes.com.br\/novo\/wp-json\/wp\/v2\/tags?post=52395"}],"curies":[{"name":"wp","href":"https:\/\/api.w.org\/{rel}","templated":true}]}}