{"id":54963,"date":"2026-03-02T18:34:23","date_gmt":"2026-03-02T21:34:23","guid":{"rendered":"https:\/\/gilfuentes.com.br\/novo\/?p=54963"},"modified":"2026-03-03T12:26:12","modified_gmt":"2026-03-03T15:26:12","slug":"prefeitura-de-suzano-confirma-wiliam-harada-como-novo-secretario-de-saude","status":"publish","type":"post","link":"https:\/\/gilfuentes.com.br\/novo\/prefeitura-de-suzano-confirma-wiliam-harada-como-novo-secretario-de-saude","title":{"rendered":"Prefeitura de Suzano confirma Wiliam Harada como novo secret\u00e1rio de Sa\u00fade"},"content":{"rendered":"<p><em>Gestor p\u00fablico traz para Suzano a experi\u00eancia acumulada em outros munic\u00edpios da Grande S\u00e3o Paulo, incluindo Po\u00e1, Itaquaquecetuba e Mogi das Cruzes<\/em><\/p>\n<p>&nbsp;<\/p>\n<p>A Secretaria de Sa\u00fade de Suzano inicia este m\u00eas de mar\u00e7o sob nova gest\u00e3o. Conforme oficializado pelo prefeito Pedro Ishi nesta segunda-feira (02\/03), William Harada substituir\u00e1 o ent\u00e3o secret\u00e1rio Diego Ferreira, que ficou \u00e0 frente da pasta nos dois \u00faltimos anos, e a partir de agora passar\u00e1 a se dedicar a novos projetos, sobretudo na atua\u00e7\u00e3o em cl\u00ednica m\u00e9dica.<\/p>\n<p>&nbsp;<\/p>\n<p>O novo titular volta para Suzano, onde \u00e9 nascido, com a experi\u00eancia de gest\u00e3o em outros munic\u00edpios da Grande S\u00e3o Paulo, incluindo Po\u00e1, Santo Andr\u00e9, Itaquaquecetuba, Mogi das Cruzes e Cotia. Desde 2005, ele exerce fun\u00e7\u00f5es administrativas, or\u00e7ament\u00e1rias e de sa\u00fade, ap\u00f3s concluir sua forma\u00e7\u00e3o em ci\u00eancias cont\u00e1beis e atuar na \u00e1rea cont\u00e1bil privada por 15 anos.<\/p>\n<p>&nbsp;<\/p>\n<p>O recorte mais recente de sua trajet\u00f3ria inclui passagens como secret\u00e1rio municipal de Sa\u00fade em Cotia, ao longo do ano passado, e em Mogi das Cruzes, a partir de 2023. Neste \u00faltimo cargo, ele foi respons\u00e1vel pela implanta\u00e7\u00e3o da unidade voltada ao atendimento infantil \u201cVagalume\u201d, no bairro do Mogilar, e pelo Centro Integrado de Atendimento \u00e0 Sa\u00fade (Cias) \u201cVereador Olimpio Osamu Tomiyama\u201d, no bairro do Rodeio.<\/p>\n<p>&nbsp;<\/p>\n<p>Seu hist\u00f3rico profissional tamb\u00e9m contempla atua\u00e7\u00e3o como titular da Sa\u00fade em Itaquaquecetuba e como diretor de Suprimentos na Prefeitura de Po\u00e1, onde tamb\u00e9m foi secret\u00e1rio de Administra\u00e7\u00e3o e secret\u00e1rio da Fazenda.<\/p>\n<p>&nbsp;<\/p>\n<p>Agora em Suzano, Harada destaca sua satisfa\u00e7\u00e3o em iniciar um novo ciclo de trabalho. \u201cAgrade\u00e7o ao prefeito Pedro Ishi pela confian\u00e7a. Estou honrado com a oportunidade e espero agregar ao time da Sa\u00fade, ao governo, \u00e0 cidade de Suzano e \u00e0 popula\u00e7\u00e3o\u201d, ressaltou o novo secret\u00e1rio.<\/p>\n<p>&nbsp;<\/p>\n<p>Por sua vez, o prefeito enalteceu a trajet\u00f3ria do novo titular da Sa\u00fade. \u201cWilliam Harada assume a nossa secretaria por conta de seu extenso curr\u00edculo e sua contribui\u00e7\u00e3o em v\u00e1rias cidades, inclusive da nossa regi\u00e3o. Ele \u00e9 uma pessoa muito competente para estar \u00e0 frente da pasta e tenho certeza de que vai fazer um trabalho incr\u00edvel. Estaremos juntos nas entregas que temos pela frente, como a Unidade de Pronto Atendimento (UPA) de Palmeiras e o Hospital Federal\u201d, frisou.<\/p>\n<p>&nbsp;<\/p>\n<p>Cr\u00e9dito da foto: Divulga\u00e7\u00e3o\/Secop Suzano<\/p>\n<p>&nbsp;<\/p>\n<p>&nbsp;<\/p>\n","protected":false},"excerpt":{"rendered":"<p>Gestor p\u00fablico traz para Suzano a experi\u00eancia acumulada em outros munic\u00edpios da Grande S\u00e3o Paulo, incluindo Po\u00e1, Itaquaquecetuba e Mogi [&hellip;]<\/p>\n","protected":false},"author":1,"featured_media":54964,"comment_status":"closed","ping_status":"closed","sticky":false,"template":"","format":"standard","meta":{"footnotes":""},"categories":[5,8],"tags":[],"class_list":["post-54963","post","type-post","status-publish","format-standard","has-post-thumbnail","hentry","category-coluna","category-noticias"],"_links":{"self":[{"href":"https:\/\/gilfuentes.com.br\/novo\/wp-json\/wp\/v2\/posts\/54963","targetHints":{"allow":["GET"]}}],"collection":[{"href":"https:\/\/gilfuentes.com.br\/novo\/wp-json\/wp\/v2\/posts"}],"about":[{"href":"https:\/\/gilfuentes.com.br\/novo\/wp-json\/wp\/v2\/types\/post"}],"author":[{"embeddable":true,"href":"https:\/\/gilfuentes.com.br\/novo\/wp-json\/wp\/v2\/users\/1"}],"replies":[{"embeddable":true,"href":"https:\/\/gilfuentes.com.br\/novo\/wp-json\/wp\/v2\/comments?post=54963"}],"version-history":[{"count":2,"href":"https:\/\/gilfuentes.com.br\/novo\/wp-json\/wp\/v2\/posts\/54963\/revisions"}],"predecessor-version":[{"id":54973,"href":"https:\/\/gilfuentes.com.br\/novo\/wp-json\/wp\/v2\/posts\/54963\/revisions\/54973"}],"wp:featuredmedia":[{"embeddable":true,"href":"https:\/\/gilfuentes.com.br\/novo\/wp-json\/wp\/v2\/media\/54964"}],"wp:attachment":[{"href":"https:\/\/gilfuentes.com.br\/novo\/wp-json\/wp\/v2\/media?parent=54963"}],"wp:term":[{"taxonomy":"category","embeddable":true,"href":"https:\/\/gilfuentes.com.br\/novo\/wp-json\/wp\/v2\/categories?post=54963"},{"taxonomy":"post_tag","embeddable":true,"href":"https:\/\/gilfuentes.com.br\/novo\/wp-json\/wp\/v2\/tags?post=54963"}],"curies":[{"name":"wp","href":"https:\/\/api.w.org\/{rel}","templated":true}]}}