{"id":55,"date":"2012-06-29T13:08:15","date_gmt":"2012-06-29T13:08:15","guid":{"rendered":"https:\/\/gilfuentes.com.br\/novo\/?p=55"},"modified":"2012-11-09T12:56:57","modified_gmt":"2012-11-09T12:56:57","slug":"microsoft-apresenta-surface-familia-de-tablets-com-windows-8","status":"publish","type":"post","link":"https:\/\/gilfuentes.com.br\/novo\/microsoft-apresenta-surface-familia-de-tablets-com-windows-8","title":{"rendered":"Microsoft apresenta Surface, fam\u00edlia de tablets com Windows 8"},"content":{"rendered":"<p>Fim do mist\u00e9rio: a Microsoft anunciou nesta segunda-feira (18\/6) em um evento em Los Angeles, nos EUA, seus pr\u00f3prios tablets com o Windows 8, batizados de <a href=\"http:\/\/www.microsoft.com\/surface\/en\/us\/default.aspx\">Microsoft Surface<\/a>.<\/p>\n<p>Um deles, com processador ARM Nvidia Tegra, \u00e9 chamado de &#8220;Microsoft Surface for Windows RT&#8221; tem uma tela de 10.6&#8243; com resolu\u00e7\u00e3o de 1366 x 768 pixels, pesa 700 gramas e tem 9.3 mm de espessura. O gabinete \u00e9 feito de magn\u00e9sio acumulado por um processo de deposi\u00e7\u00e3o de vapor (PVD VaporMg), e tem um suporte integrado para que seja poss\u00edvel colocar o tablet &#8220;em p\u00e9&#8221; sobre a mesa sem a necessidade de um case adicional.<\/p>\n<p>O outro, batizado de &#8220;Microsoft Surface for Windows 8 Pro&#8221;, tem design similar, um processador Intel Core i5 &#8220;Ivy Bridge&#8221; e 13,5 mm de espessura, pesando pouco mais de 900 gramas. Apesar do mesmo tamanho f\u00edsico, 10.6&#8243;, a tela tem resolu\u00e7\u00e3o mais alta que a do modelo com processador ARM: s\u00e3o 1900 x 1080 pixels, ou seja Full HD. \u00a0A interface USB tamb\u00e9m sofre um upgrade, e \u00e9 USB 3.<\/p>\n<p><a href=\"https:\/\/gilfuentes.com.br\/novo\/wp-content\/uploads\/2012\/06\/microsoft_surface-360px.jpg\"><img loading=\"lazy\" decoding=\"async\" class=\"size-full wp-image-56 alignright\" title=\"microsoft_surface-360px\" src=\"https:\/\/gilfuentes.com.br\/novo\/wp-content\/uploads\/2012\/06\/microsoft_surface-360px.jpg\" alt=\"\" width=\"360\" height=\"280\" srcset=\"https:\/\/gilfuentes.com.br\/novo\/wp-content\/uploads\/2012\/06\/microsoft_surface-360px.jpg 360w, https:\/\/gilfuentes.com.br\/novo\/wp-content\/uploads\/2012\/06\/microsoft_surface-360px-300x233.jpg 300w\" sizes=\"auto, (max-width: 360px) 100vw, 360px\" \/><\/a><br \/>\n<sup><strong>Microsoft Surface, com sua &#8220;capa teclado&#8221;<br \/>\n<\/strong><\/sup><\/p>\n<p><sup><strong><a href=\"https:\/\/gilfuentes.com.br\/novo\/wp-content\/uploads\/2012\/06\/microsoft_surface_lado-360px.jpg\"><img loading=\"lazy\" decoding=\"async\" class=\"alignnone size-full wp-image-57\" title=\"microsoft_surface_lado-360px\" src=\"https:\/\/gilfuentes.com.br\/novo\/wp-content\/uploads\/2012\/06\/microsoft_surface_lado-360px.jpg\" alt=\"\" width=\"360\" height=\"251\" srcset=\"https:\/\/gilfuentes.com.br\/novo\/wp-content\/uploads\/2012\/06\/microsoft_surface_lado-360px.jpg 360w, https:\/\/gilfuentes.com.br\/novo\/wp-content\/uploads\/2012\/06\/microsoft_surface_lado-360px-300x209.jpg 300w\" sizes=\"auto, (max-width: 360px) 100vw, 360px\" \/><\/a><br \/>\nMicrosoft Surface visto de lado. Teclado tem 3 mm de espessura<\/strong><\/sup><\/p>\n<p>A Microsoft tamb\u00e9m mostrou uma capa que protege a tela, com apenas 3 mm de espessura e um conceito inovador: ela inclui um teclado multitoque completo e um trackpad integrado. A capa se fixa ao tablet magneticamente, como a SmartCover da Apple. H\u00e1 uma outra capa com teclas mec\u00e2nicas, chamada de Type Cover. Os tablets tamb\u00e9m podem ser usados com uma caneta, que se prende magneticamente \u00e0 lateral do aparelho.<\/p>\n<p>Al\u00e9m do sistema operacional, ambas as vers\u00f5es do Surface incluem uma c\u00f3pia do Microsoft Office. A vers\u00e3o Pro tem um desktop completo, e \u00e9 compat\u00edvel com todos os aplicativos j\u00e1 desenvolvidos para o Windows nos PCs tradicionais.<\/p>\n<p>O Microsoft Surface for Windows RT estar\u00e1 dispon\u00edvel em vers\u00f5es com 32 ou 64 GB e &#8220;pre\u00e7o compar\u00e1vel aos tablets Windows 8 com processadores ARM&#8221; (estima-se que cerca de 500 d\u00f3lares). O Microsoft Surface for Windows 8 Pro chegar\u00e1 \u00e0s lojas 3 meses depois, em vers\u00f5es com 64 ou 128 GB e &#8220;pre\u00e7o compat\u00edvel ao dos Ultrabooks&#8221; (estima-se que cerca de 800 d\u00f3lares).<\/p>\n<p>Veja o v\u00eddeo do aparelho:<\/p>\n<p><a class=\"colorbox_video\" href=\"\/\/www.youtube.com\/embed\/dpzu3HM2CIo?wmode=transparent&amp;fs=1&amp;hl=en&amp;modestbranding=1&amp;iv_load_policy=3&amp;showsearch=0&amp;rel=1&amp;theme=light&amp;hd=1\"><img loading=\"lazy\" decoding=\"async\" width=\"340\" height=\"233\" src=\"\/\/img.youtube.com\/vi\/dpzu3HM2CIo\/0.jpg\" \/><\/a><\/span><\/p>\n","protected":false},"excerpt":{"rendered":"<p>Fim do mist\u00e9rio: a Microsoft anunciou nesta segunda-feira (18\/6) em um evento em Los Angeles, nos EUA, seus pr\u00f3prios tablets [&hellip;]<\/p>\n","protected":false},"author":1,"featured_media":56,"comment_status":"open","ping_status":"open","sticky":false,"template":"","format":"standard","meta":{"footnotes":""},"categories":[6],"tags":[],"class_list":["post-55","post","type-post","status-publish","format-standard","has-post-thumbnail","hentry","category-colunistas"],"_links":{"self":[{"href":"https:\/\/gilfuentes.com.br\/novo\/wp-json\/wp\/v2\/posts\/55","targetHints":{"allow":["GET"]}}],"collection":[{"href":"https:\/\/gilfuentes.com.br\/novo\/wp-json\/wp\/v2\/posts"}],"about":[{"href":"https:\/\/gilfuentes.com.br\/novo\/wp-json\/wp\/v2\/types\/post"}],"author":[{"embeddable":true,"href":"https:\/\/gilfuentes.com.br\/novo\/wp-json\/wp\/v2\/users\/1"}],"replies":[{"embeddable":true,"href":"https:\/\/gilfuentes.com.br\/novo\/wp-json\/wp\/v2\/comments?post=55"}],"version-history":[{"count":5,"href":"https:\/\/gilfuentes.com.br\/novo\/wp-json\/wp\/v2\/posts\/55\/revisions"}],"predecessor-version":[{"id":161,"href":"https:\/\/gilfuentes.com.br\/novo\/wp-json\/wp\/v2\/posts\/55\/revisions\/161"}],"wp:featuredmedia":[{"embeddable":true,"href":"https:\/\/gilfuentes.com.br\/novo\/wp-json\/wp\/v2\/media\/56"}],"wp:attachment":[{"href":"https:\/\/gilfuentes.com.br\/novo\/wp-json\/wp\/v2\/media?parent=55"}],"wp:term":[{"taxonomy":"category","embeddable":true,"href":"https:\/\/gilfuentes.com.br\/novo\/wp-json\/wp\/v2\/categories?post=55"},{"taxonomy":"post_tag","embeddable":true,"href":"https:\/\/gilfuentes.com.br\/novo\/wp-json\/wp\/v2\/tags?post=55"}],"curies":[{"name":"wp","href":"https:\/\/api.w.org\/{rel}","templated":true}]}}