{"id":56046,"date":"2026-04-24T00:42:13","date_gmt":"2026-04-24T03:42:13","guid":{"rendered":"https:\/\/gilfuentes.com.br\/novo\/?p=56046"},"modified":"2026-04-23T13:26:49","modified_gmt":"2026-04-23T16:26:49","slug":"pernas-solidarias","status":"publish","type":"post","link":"https:\/\/gilfuentes.com.br\/novo\/pernas-solidarias","title":{"rendered":"Pernas Solid\u00e1rias"},"content":{"rendered":"<p>Ser\u00e1 no dia 29 de novembro a 1\u00aa Corrida Pernas Solid\u00e1rias Suzano e a celebra\u00e7\u00e3o do 3\u00ba anivers\u00e1rio da entidade. A sa\u00edda ser\u00e1 no Parque Max Feffer. Dario Rocha \u00e9 o presidente da associa\u00e7\u00e3o e est\u00e1 em busca de parceiros. Preparou um kit lindo que pode ser reservado pelo link: <a href=\"https:\/\/minhasinscricoes.com.br\/Evento\/3ANIVERSARIODOPERNASSOLIDARIASSUZANO\">https:\/\/minhasinscricoes.com.br\/Evento\/3ANIVERSARIODOPERNASSOLIDARIASSUZANO<\/a><\/p>\n<p>&nbsp;<\/p>\n<p>Foto: Samuel Cab\u00eado<\/p>\n","protected":false},"excerpt":{"rendered":"<p>Ser\u00e1 no dia 29 de novembro a 1\u00aa Corrida Pernas Solid\u00e1rias Suzano e a celebra\u00e7\u00e3o do 3\u00ba anivers\u00e1rio da entidade. [&hellip;]<\/p>\n","protected":false},"author":1,"featured_media":56047,"comment_status":"closed","ping_status":"closed","sticky":false,"template":"","format":"standard","meta":{"footnotes":""},"categories":[5],"tags":[],"class_list":["post-56046","post","type-post","status-publish","format-standard","has-post-thumbnail","hentry","category-coluna"],"_links":{"self":[{"href":"https:\/\/gilfuentes.com.br\/novo\/wp-json\/wp\/v2\/posts\/56046","targetHints":{"allow":["GET"]}}],"collection":[{"href":"https:\/\/gilfuentes.com.br\/novo\/wp-json\/wp\/v2\/posts"}],"about":[{"href":"https:\/\/gilfuentes.com.br\/novo\/wp-json\/wp\/v2\/types\/post"}],"author":[{"embeddable":true,"href":"https:\/\/gilfuentes.com.br\/novo\/wp-json\/wp\/v2\/users\/1"}],"replies":[{"embeddable":true,"href":"https:\/\/gilfuentes.com.br\/novo\/wp-json\/wp\/v2\/comments?post=56046"}],"version-history":[{"count":1,"href":"https:\/\/gilfuentes.com.br\/novo\/wp-json\/wp\/v2\/posts\/56046\/revisions"}],"predecessor-version":[{"id":56048,"href":"https:\/\/gilfuentes.com.br\/novo\/wp-json\/wp\/v2\/posts\/56046\/revisions\/56048"}],"wp:featuredmedia":[{"embeddable":true,"href":"https:\/\/gilfuentes.com.br\/novo\/wp-json\/wp\/v2\/media\/56047"}],"wp:attachment":[{"href":"https:\/\/gilfuentes.com.br\/novo\/wp-json\/wp\/v2\/media?parent=56046"}],"wp:term":[{"taxonomy":"category","embeddable":true,"href":"https:\/\/gilfuentes.com.br\/novo\/wp-json\/wp\/v2\/categories?post=56046"},{"taxonomy":"post_tag","embeddable":true,"href":"https:\/\/gilfuentes.com.br\/novo\/wp-json\/wp\/v2\/tags?post=56046"}],"curies":[{"name":"wp","href":"https:\/\/api.w.org\/{rel}","templated":true}]}}