{"id":56059,"date":"2026-04-24T11:00:11","date_gmt":"2026-04-24T14:00:11","guid":{"rendered":"https:\/\/gilfuentes.com.br\/novo\/?p=56059"},"modified":"2026-04-23T17:43:30","modified_gmt":"2026-04-23T20:43:30","slug":"charles-audi-cateb-e-o-nome-a-frente-das-festas-mais-elegantes-de-sao-paulo","status":"publish","type":"post","link":"https:\/\/gilfuentes.com.br\/novo\/charles-audi-cateb-e-o-nome-a-frente-das-festas-mais-elegantes-de-sao-paulo","title":{"rendered":"Charles Audi Cateb \u00e9 o nome \u00e0 frente das festas mais elegantes de S\u00e3o Paulo"},"content":{"rendered":"<p>\u00c0 frente da Artemobi, Charles Audi Cateb acumula 33 anos de experi\u00eancia no mercado de luxo, sempre motivado pelo prazer de atender \u00e0s necessidades dos decoradores e realizar os sonhos dos clientes. A marca nasceu com a proposta de oferecer pe\u00e7as exclusivas e um acervo diferenciado, pensado para atender a todo tipo de evento. &#8220;Nossa vis\u00e3o inicial \u00e9 ser o melhor, mantendo sempre nosso DNA exclusivo&#8221;, afirma.<\/p>\n<p>&nbsp;<\/p>\n<p>Voltada a um p\u00fablico exigente e antenado nas tend\u00eancias nacionais e internacionais, a Artemobi atua integrando design, funcionalidade e log\u00edstica em produ\u00e7\u00f5es de grande escala. &#8220;A Artemobi integra as \u00e1reas, otimiza processos e utiliza tecnologia, sempre com foco na experi\u00eancia do cliente&#8221;, explica o empres\u00e1rio.<\/p>\n<p>&nbsp;<\/p>\n<p>A curadoria das pe\u00e7as \u00e9 conduzida por ele, junto a sua equipe, que realiza uma pesquisa minuciosa para garantir a constante renova\u00e7\u00e3o do acervo. Cada projeto \u00e9 tratado de forma personalizada, com di\u00e1logo pr\u00f3ximo a decoradores, produtores e marcas que buscam transmitir identidade atrav\u00e9s de seus ambientes. &#8220;Temos um atendimento exclusivo e personalizado para cada cliente e tipo de evento&#8221;, refor\u00e7a.<\/p>\n<p>&nbsp;<\/p>\n<p>Ao longo de sua trajet\u00f3ria, a Artemobi j\u00e1 participou de produ\u00e7\u00f5es e eventos importantes, trabalhando com marcas nacionais e internacionais. Para o empres\u00e1rio, cada projeto representa um desafio e possui sua import\u00e2ncia, sendo a realiza\u00e7\u00e3o de sonhos a principal inspira\u00e7\u00e3o para seguir inovando.<\/p>\n<p>&nbsp;<\/p>\n<p>O futuro reserva novidades para a marca: novas cole\u00e7\u00f5es, parcerias e experi\u00eancias \u00fanicas est\u00e3o a caminho. &#8220;Nos aguardem, pois teremos muitas surpresas para o pr\u00f3ximo ano&#8221;, anuncia Charles Audi Cateb.<\/p>\n","protected":false},"excerpt":{"rendered":"<p>\u00c0 frente da Artemobi, Charles Audi Cateb acumula 33 anos de experi\u00eancia no mercado de luxo, sempre motivado pelo prazer [&hellip;]<\/p>\n","protected":false},"author":1,"featured_media":56060,"comment_status":"closed","ping_status":"closed","sticky":false,"template":"","format":"standard","meta":{"footnotes":""},"categories":[5],"tags":[],"class_list":["post-56059","post","type-post","status-publish","format-standard","has-post-thumbnail","hentry","category-coluna"],"_links":{"self":[{"href":"https:\/\/gilfuentes.com.br\/novo\/wp-json\/wp\/v2\/posts\/56059","targetHints":{"allow":["GET"]}}],"collection":[{"href":"https:\/\/gilfuentes.com.br\/novo\/wp-json\/wp\/v2\/posts"}],"about":[{"href":"https:\/\/gilfuentes.com.br\/novo\/wp-json\/wp\/v2\/types\/post"}],"author":[{"embeddable":true,"href":"https:\/\/gilfuentes.com.br\/novo\/wp-json\/wp\/v2\/users\/1"}],"replies":[{"embeddable":true,"href":"https:\/\/gilfuentes.com.br\/novo\/wp-json\/wp\/v2\/comments?post=56059"}],"version-history":[{"count":1,"href":"https:\/\/gilfuentes.com.br\/novo\/wp-json\/wp\/v2\/posts\/56059\/revisions"}],"predecessor-version":[{"id":56061,"href":"https:\/\/gilfuentes.com.br\/novo\/wp-json\/wp\/v2\/posts\/56059\/revisions\/56061"}],"wp:featuredmedia":[{"embeddable":true,"href":"https:\/\/gilfuentes.com.br\/novo\/wp-json\/wp\/v2\/media\/56060"}],"wp:attachment":[{"href":"https:\/\/gilfuentes.com.br\/novo\/wp-json\/wp\/v2\/media?parent=56059"}],"wp:term":[{"taxonomy":"category","embeddable":true,"href":"https:\/\/gilfuentes.com.br\/novo\/wp-json\/wp\/v2\/categories?post=56059"},{"taxonomy":"post_tag","embeddable":true,"href":"https:\/\/gilfuentes.com.br\/novo\/wp-json\/wp\/v2\/tags?post=56059"}],"curies":[{"name":"wp","href":"https:\/\/api.w.org\/{rel}","templated":true}]}}