{"id":56062,"date":"2026-04-24T11:43:26","date_gmt":"2026-04-24T14:43:26","guid":{"rendered":"https:\/\/gilfuentes.com.br\/novo\/?p=56062"},"modified":"2026-04-24T12:06:18","modified_gmt":"2026-04-24T15:06:18","slug":"leitura-nos-trilhos-estantes-literarias-do-metrorio-recebem-doacao-de-mais-de-2-mil-exemplares-da-smc","status":"publish","type":"post","link":"https:\/\/gilfuentes.com.br\/novo\/leitura-nos-trilhos-estantes-literarias-do-metrorio-recebem-doacao-de-mais-de-2-mil-exemplares-da-smc","title":{"rendered":"Leitura nos trilhos: estantes liter\u00e1rias do Metr\u00f4Rio recebem doa\u00e7\u00e3o de mais de 2 mil exemplares da SMC"},"content":{"rendered":"<p>Na Semana do Dia Mundial do Livro, o Metr\u00f4Rio recebe a doa\u00e7\u00e3o de mais de 2 mil exemplares da Secretaria Municipal de Cultura do Rio de Janeiro, que ser\u00e3o disponibilizados no projeto liter\u00e1rio &#8220;Livro vai, livro vem&#8221;. Desde o final do ano passado, a concession\u00e1ria mant\u00e9m a iniciativa em parceria com a SMC. Com o slogan &#8220;Entre embarques e chegadas, as hist\u00f3rias tamb\u00e9m se movem&#8221;, a iniciativa promove a troca de livros entre os clientes por meio de estantes liter\u00e1rias instaladas nas esta\u00e7\u00f5es Central do Brasil\/Centro, Saens Pe\u00f1a\/Tijuca, General Os\u00f3rio\/Ipanema e Pavuna.<\/p>\n<p>&nbsp;<\/p>\n<p><img loading=\"lazy\" decoding=\"async\" class=\"alignnone wp-image-56063\" src=\"https:\/\/gilfuentes.com.br\/novo\/wp-content\/uploads\/2026\/04\/Moldura-Gil-Horizonta-Recuperado-Recuperado-3.jpg\" alt=\"\" width=\"633\" height=\"440\" srcset=\"https:\/\/gilfuentes.com.br\/novo\/wp-content\/uploads\/2026\/04\/Moldura-Gil-Horizonta-Recuperado-Recuperado-3.jpg 734w, https:\/\/gilfuentes.com.br\/novo\/wp-content\/uploads\/2026\/04\/Moldura-Gil-Horizonta-Recuperado-Recuperado-3-360x250.jpg 360w\" sizes=\"auto, (max-width: 633px) 100vw, 633px\" \/><\/p>\n<p>&nbsp;<\/p>\n<p>Outro projeto liter\u00e1rio em funcionamento \u00e9 a biblioteca popular &#8220;A Casa Amarela&#8221;, inaugurada no \u00faltimo dia 7 de abril, na esta\u00e7\u00e3o Cinel\u00e2ndia\/Centro. O espa\u00e7o oferece empr\u00e9stimo gratuito de livros e programa\u00e7\u00e3o cultural, com acervo diversificado que inclui obras para os p\u00fablicos infantil, juvenil e adultos, al\u00e9m de t\u00edtulos em formatos acess\u00edveis. A biblioteca tamb\u00e9m recebe doa\u00e7\u00f5es e funciona de segunda a quinta-feira, das 8h \u00e0s 19h, e \u00e0s sextas e s\u00e1bados, das 16h \u00e0s 19h.<\/p>\n<p>&nbsp;<\/p>\n<p>As duas iniciativas refor\u00e7am o compromisso do Metr\u00f4Rio com a promo\u00e7\u00e3o da cultura e o incentivo \u00e0 leitura dos passageiros em seus trajetos di\u00e1rios no transporte p\u00fablico, conectando mobilidade e acesso \u00e0 cultura por meio de a\u00e7\u00f5es que contribuem para a constru\u00e7\u00e3o de uma cidade mais liter\u00e1ria.<\/p>\n<p>&nbsp;<\/p>\n<p>&nbsp;<\/p>\n","protected":false},"excerpt":{"rendered":"<p>Na Semana do Dia Mundial do Livro, o Metr\u00f4Rio recebe a doa\u00e7\u00e3o de mais de 2 mil exemplares da Secretaria [&hellip;]<\/p>\n","protected":false},"author":1,"featured_media":0,"comment_status":"closed","ping_status":"closed","sticky":false,"template":"","format":"standard","meta":{"footnotes":""},"categories":[7],"tags":[],"class_list":["post-56062","post","type-post","status-publish","format-standard","hentry","category-notas"],"_links":{"self":[{"href":"https:\/\/gilfuentes.com.br\/novo\/wp-json\/wp\/v2\/posts\/56062","targetHints":{"allow":["GET"]}}],"collection":[{"href":"https:\/\/gilfuentes.com.br\/novo\/wp-json\/wp\/v2\/posts"}],"about":[{"href":"https:\/\/gilfuentes.com.br\/novo\/wp-json\/wp\/v2\/types\/post"}],"author":[{"embeddable":true,"href":"https:\/\/gilfuentes.com.br\/novo\/wp-json\/wp\/v2\/users\/1"}],"replies":[{"embeddable":true,"href":"https:\/\/gilfuentes.com.br\/novo\/wp-json\/wp\/v2\/comments?post=56062"}],"version-history":[{"count":3,"href":"https:\/\/gilfuentes.com.br\/novo\/wp-json\/wp\/v2\/posts\/56062\/revisions"}],"predecessor-version":[{"id":56073,"href":"https:\/\/gilfuentes.com.br\/novo\/wp-json\/wp\/v2\/posts\/56062\/revisions\/56073"}],"wp:attachment":[{"href":"https:\/\/gilfuentes.com.br\/novo\/wp-json\/wp\/v2\/media?parent=56062"}],"wp:term":[{"taxonomy":"category","embeddable":true,"href":"https:\/\/gilfuentes.com.br\/novo\/wp-json\/wp\/v2\/categories?post=56062"},{"taxonomy":"post_tag","embeddable":true,"href":"https:\/\/gilfuentes.com.br\/novo\/wp-json\/wp\/v2\/tags?post=56062"}],"curies":[{"name":"wp","href":"https:\/\/api.w.org\/{rel}","templated":true}]}}