{"id":56068,"date":"2026-04-24T11:53:05","date_gmt":"2026-04-24T14:53:05","guid":{"rendered":"https:\/\/gilfuentes.com.br\/novo\/?p=56068"},"modified":"2026-04-24T11:53:05","modified_gmt":"2026-04-24T14:53:05","slug":"fundo-social-recebe-mais-de-uma-tonelada-de-alimentos-arrecadados-em-encontro-de-carros-antigos","status":"publish","type":"post","link":"https:\/\/gilfuentes.com.br\/novo\/fundo-social-recebe-mais-de-uma-tonelada-de-alimentos-arrecadados-em-encontro-de-carros-antigos","title":{"rendered":"Fundo Social recebe mais de uma tonelada de alimentos arrecadados em encontro de carros antigos"},"content":{"rendered":"<p>O Fundo Social de Solidariedade de Suzano recebeu, nesta quinta-feira (23\/04), a doa\u00e7\u00e3o de 1.080 quilos de alimentos arrecadados durante o 22\u00ba Encontro de Fuscas e Carros Antigos, realizado no \u00faltimo domingo (19\/04), no Parque Municipal de Conserva\u00e7\u00e3o Ambiental Professora Bianca Carla Nunes da Silva, o Parque do Mirante, no Sesc. Os itens ir\u00e3o refor\u00e7ar o estoque utilizado na montagem de cestas b\u00e1sicas destinadas a fam\u00edlias em situa\u00e7\u00e3o de vulnerabilidade.<\/p>\n<p>&nbsp;<\/p>\n<p>A entrega ocorreu em frente ao Pa\u00e7o Municipal Prefeito Firmino Jos\u00e9 da Costa e contou com a presen\u00e7a da presidente do Fundo Social de Solidariedade e primeira-dama, D\u00e9borah Raffoul Ishi, al\u00e9m de sua equipe e do representante do Clube de Fuscas e Carros Antigos de Suzano, Victor Mota Costa.<\/p>\n<p>&nbsp;<\/p>\n<p><img loading=\"lazy\" decoding=\"async\" class=\"alignnone size-full wp-image-56070\" src=\"https:\/\/gilfuentes.com.br\/novo\/wp-content\/uploads\/2026\/04\/1h-16.jpg\" alt=\"\" width=\"734\" height=\"510\" srcset=\"https:\/\/gilfuentes.com.br\/novo\/wp-content\/uploads\/2026\/04\/1h-16.jpg 734w, https:\/\/gilfuentes.com.br\/novo\/wp-content\/uploads\/2026\/04\/1h-16-360x250.jpg 360w\" sizes=\"auto, (max-width: 734px) 100vw, 734px\" \/><\/p>\n<p>&nbsp;<\/p>\n<p>Os alimentos foram arrecadados durante o evento, que reuniu mais de 900 ve\u00edculos antigos, al\u00e9m de expositores e visitantes, associando a atividade cultural a uma a\u00e7\u00e3o solid\u00e1ria. Entre os itens doados est\u00e3o produtos n\u00e3o perec\u00edveis, que ser\u00e3o destinados \u00e0 composi\u00e7\u00e3o de cestas distribu\u00eddas pelo Fundo Social.<\/p>\n<p>&nbsp;<\/p>\n<p>A presidente do \u00f3rg\u00e3o municipal destacou a import\u00e2ncia da mobiliza\u00e7\u00e3o da popula\u00e7\u00e3o em iniciativas que integram lazer e solidariedade. \u201cA participa\u00e7\u00e3o da popula\u00e7\u00e3o em eventos como este contribui diretamente para ampliar o atendimento \u00e0s fam\u00edlias que mais precisam. Cada doa\u00e7\u00e3o faz diferen\u00e7a no apoio que conseguimos oferecer\u201d, afirmou D\u00e9borah.<\/p>\n<p>&nbsp;<\/p>\n<p>As doa\u00e7\u00f5es ao Fundo Social de Solidariedade de Suzano podem ser realizadas durante todo o ano no Pa\u00e7o Municipal Prefeito Firmino Jos\u00e9 da Costa (rua Baruel, 501, 2\u00ba andar, sala 224 \u2013 Centro), de segunda a sexta-feira, das 9 \u00e0s 16 horas. Mais informa\u00e7\u00f5es est\u00e3o dispon\u00edveis pelo telefone (11) 4745-2195.<\/p>\n<p>&nbsp;<\/p>\n<p><em>Cr\u00e9dito das fotos: Mauricio Sordilli\/Secop Suzano<\/em><\/p>\n","protected":false},"excerpt":{"rendered":"<p>O Fundo Social de Solidariedade de Suzano recebeu, nesta quinta-feira (23\/04), a doa\u00e7\u00e3o de 1.080 quilos de alimentos arrecadados durante [&hellip;]<\/p>\n","protected":false},"author":1,"featured_media":56069,"comment_status":"closed","ping_status":"closed","sticky":false,"template":"","format":"standard","meta":{"footnotes":""},"categories":[5],"tags":[],"class_list":["post-56068","post","type-post","status-publish","format-standard","has-post-thumbnail","hentry","category-coluna"],"_links":{"self":[{"href":"https:\/\/gilfuentes.com.br\/novo\/wp-json\/wp\/v2\/posts\/56068","targetHints":{"allow":["GET"]}}],"collection":[{"href":"https:\/\/gilfuentes.com.br\/novo\/wp-json\/wp\/v2\/posts"}],"about":[{"href":"https:\/\/gilfuentes.com.br\/novo\/wp-json\/wp\/v2\/types\/post"}],"author":[{"embeddable":true,"href":"https:\/\/gilfuentes.com.br\/novo\/wp-json\/wp\/v2\/users\/1"}],"replies":[{"embeddable":true,"href":"https:\/\/gilfuentes.com.br\/novo\/wp-json\/wp\/v2\/comments?post=56068"}],"version-history":[{"count":1,"href":"https:\/\/gilfuentes.com.br\/novo\/wp-json\/wp\/v2\/posts\/56068\/revisions"}],"predecessor-version":[{"id":56071,"href":"https:\/\/gilfuentes.com.br\/novo\/wp-json\/wp\/v2\/posts\/56068\/revisions\/56071"}],"wp:featuredmedia":[{"embeddable":true,"href":"https:\/\/gilfuentes.com.br\/novo\/wp-json\/wp\/v2\/media\/56069"}],"wp:attachment":[{"href":"https:\/\/gilfuentes.com.br\/novo\/wp-json\/wp\/v2\/media?parent=56068"}],"wp:term":[{"taxonomy":"category","embeddable":true,"href":"https:\/\/gilfuentes.com.br\/novo\/wp-json\/wp\/v2\/categories?post=56068"},{"taxonomy":"post_tag","embeddable":true,"href":"https:\/\/gilfuentes.com.br\/novo\/wp-json\/wp\/v2\/tags?post=56068"}],"curies":[{"name":"wp","href":"https:\/\/api.w.org\/{rel}","templated":true}]}}