{"id":56074,"date":"2026-04-24T13:17:02","date_gmt":"2026-04-24T16:17:02","guid":{"rendered":"https:\/\/gilfuentes.com.br\/novo\/?p=56074"},"modified":"2026-04-24T13:17:02","modified_gmt":"2026-04-24T16:17:02","slug":"museu-municipal-de-aruja-celebra-abril-indigena-com-exposicao-povos-da-terra-povos-de-agora","status":"publish","type":"post","link":"https:\/\/gilfuentes.com.br\/novo\/museu-municipal-de-aruja-celebra-abril-indigena-com-exposicao-povos-da-terra-povos-de-agora","title":{"rendered":"Museu Municipal de Aruj\u00e1 celebra Abril Ind\u00edgena com exposi\u00e7\u00e3o &#8220;Povos da Terra, Povos de Agora&#8221;"},"content":{"rendered":"<p>Em celebra\u00e7\u00e3o ao Dia dos Povos Ind\u00edgenas, comemorado em 19 de abril, o Museu Municipal &#8220;Umbelina Ferreira Barbosa&#8221; anuncia a abertura da exposi\u00e7\u00e3o \u201cPovos da Terra, Povos de Agora\u201d nesta sexta-feira (24), \u00e0s 14h. A iniciativa integra as atividades do Abril Ind\u00edgena, refor\u00e7ando a import\u00e2ncia da valoriza\u00e7\u00e3o e reconhecimento das culturas origin\u00e1rias.<\/p>\n<p>&nbsp;<\/p>\n<p>A exposi\u00e7\u00e3o busca transcender a vis\u00e3o hist\u00f3rica dos povos ind\u00edgenas, apresentando-os como protagonistas do presente e construtores do futuro. Ao longo da hist\u00f3ria, diferentes povos ind\u00edgenas constru\u00edram suas identidades a partir de sua rela\u00e7\u00e3o com a terra. A exposi\u00e7\u00e3o &#8220;Povos da Terra, Povos de Agora&#8221; valoriza a presen\u00e7a viva, diversa e contempor\u00e2nea desses povos, destacando que eles n\u00e3o pertencem apenas ao passado, mas fazem parte ativa do presente e da constru\u00e7\u00e3o do futuro.<\/p>\n<p>&nbsp;<\/p>\n<p>Com uma abordagem que enfatiza a import\u00e2ncia da cultura ind\u00edgena, a mostra convida o p\u00fablico a uma reflex\u00e3o profunda. Ao pensar nos &#8220;Povos da Terra&#8221; hoje, \u00e9 essencial compreend\u00ea-los como povos do presente, com culturas din\u00e2micas, vivas e em constante transforma\u00e7\u00e3o, e n\u00e3o apenas como figuras hist\u00f3ricas. S\u00e3o povos presentes, ativos e fundamentais para o equil\u00edbrio social e ambiental do planeta.<\/p>\n<p>&nbsp;<\/p>\n<p>O reconhecimento dos \u201cPovos da Terra\u201d como \u201cPovos de Agora\u201d \u00e9 apresentado como um pilar fundamental para a edifica\u00e7\u00e3o de uma sociedade mais equitativa. Isso implica n\u00e3o apenas na valoriza\u00e7\u00e3o de culturas, mas tamb\u00e9m na garantia de seus direitos territoriais e na assimila\u00e7\u00e3o de seus saberes ancestrais. A mensagem \u00e9 clara: proteger esses povos \u00e9 tamb\u00e9m proteger o futuro do planeta.<\/p>\n<p>&nbsp;<\/p>\n<p><strong>Servi\u00e7o:<\/strong><\/p>\n<p>&#8211; Exposi\u00e7\u00e3o: \u201cPovos da Terra, Povos de Agora\u201d<br \/>\n&#8211; Abertura: 24 de abril<br \/>\n&#8211; Hor\u00e1rio: 14h<br \/>\n&#8211; Local: Museu Municipal (Rua Major Benjamin Franco, 15, Centro)<\/p>\n","protected":false},"excerpt":{"rendered":"<p>Em celebra\u00e7\u00e3o ao Dia dos Povos Ind\u00edgenas, comemorado em 19 de abril, o Museu Municipal &#8220;Umbelina Ferreira Barbosa&#8221; anuncia a [&hellip;]<\/p>\n","protected":false},"author":1,"featured_media":56075,"comment_status":"closed","ping_status":"closed","sticky":false,"template":"","format":"standard","meta":{"footnotes":""},"categories":[5],"tags":[],"class_list":["post-56074","post","type-post","status-publish","format-standard","has-post-thumbnail","hentry","category-coluna"],"_links":{"self":[{"href":"https:\/\/gilfuentes.com.br\/novo\/wp-json\/wp\/v2\/posts\/56074","targetHints":{"allow":["GET"]}}],"collection":[{"href":"https:\/\/gilfuentes.com.br\/novo\/wp-json\/wp\/v2\/posts"}],"about":[{"href":"https:\/\/gilfuentes.com.br\/novo\/wp-json\/wp\/v2\/types\/post"}],"author":[{"embeddable":true,"href":"https:\/\/gilfuentes.com.br\/novo\/wp-json\/wp\/v2\/users\/1"}],"replies":[{"embeddable":true,"href":"https:\/\/gilfuentes.com.br\/novo\/wp-json\/wp\/v2\/comments?post=56074"}],"version-history":[{"count":1,"href":"https:\/\/gilfuentes.com.br\/novo\/wp-json\/wp\/v2\/posts\/56074\/revisions"}],"predecessor-version":[{"id":56076,"href":"https:\/\/gilfuentes.com.br\/novo\/wp-json\/wp\/v2\/posts\/56074\/revisions\/56076"}],"wp:featuredmedia":[{"embeddable":true,"href":"https:\/\/gilfuentes.com.br\/novo\/wp-json\/wp\/v2\/media\/56075"}],"wp:attachment":[{"href":"https:\/\/gilfuentes.com.br\/novo\/wp-json\/wp\/v2\/media?parent=56074"}],"wp:term":[{"taxonomy":"category","embeddable":true,"href":"https:\/\/gilfuentes.com.br\/novo\/wp-json\/wp\/v2\/categories?post=56074"},{"taxonomy":"post_tag","embeddable":true,"href":"https:\/\/gilfuentes.com.br\/novo\/wp-json\/wp\/v2\/tags?post=56074"}],"curies":[{"name":"wp","href":"https:\/\/api.w.org\/{rel}","templated":true}]}}