{"id":56091,"date":"2026-04-26T06:00:14","date_gmt":"2026-04-26T09:00:14","guid":{"rendered":"https:\/\/gilfuentes.com.br\/novo\/?p=56091"},"modified":"2026-04-24T20:01:18","modified_gmt":"2026-04-24T23:01:18","slug":"suzano-celebra-dia-nacional-da-libras-com-evento-e-curso-para-servidores","status":"publish","type":"post","link":"https:\/\/gilfuentes.com.br\/novo\/suzano-celebra-dia-nacional-da-libras-com-evento-e-curso-para-servidores","title":{"rendered":"Suzano celebra Dia Nacional da Libras com evento e curso para servidores"},"content":{"rendered":"<p>A Prefeitura de Suzano, por meio da Secretaria Municipal de Comunica\u00e7\u00e3o P\u00fablica, promoveu nesta sexta-feira (24\/04) um evento em celebra\u00e7\u00e3o ao Dia Nacional da L\u00edngua Brasileira de Sinais (Libras), no Casar\u00e3o da Mem\u00f3ria Ant\u00f4nio Marques Figueira, na regi\u00e3o central. A programa\u00e7\u00e3o reuniu a comunidade surda do munic\u00edpio, autoridades e contou com atra\u00e7\u00f5es culturais adaptadas, al\u00e9m do an\u00fancio de um curso b\u00e1sico de Libras voltado aos servidores p\u00fablicos.<\/p>\n<p>&nbsp;<\/p>\n<p>A atividade contou com a presen\u00e7a do vice-prefeito Said Raful; do secret\u00e1rio municipal da pasta, Paulo Pavione; do presidente da C\u00e2mara de Suzano, Artur Takayama; do vereador Jaime Siunte; do assessor estrat\u00e9gico da Secretaria Municipal de Seguran\u00e7a P\u00fablica, Marcelo Miyazaki; da coordenadora do campus Suzano do Instituto Federal de Tecnologia de S\u00e3o Paulo (IFSP), Rita Schlinz; e da diretora de Cultura e respons\u00e1vel pelo Casar\u00e3o da Mem\u00f3ria, Rita Paiva. Tamb\u00e9m participaram servidores do equipamento e int\u00e9rpretes de Libras que acompanharam toda a programa\u00e7\u00e3o.<\/p>\n<p>&nbsp;<\/p>\n<p>O encontro teve como objetivo fortalecer as a\u00e7\u00f5es de inclus\u00e3o no munic\u00edpio e ampliar o di\u00e1logo com a comunidade surda. Ao longo da tarde, mais de 50 pessoas com defici\u00eancia auditiva passaram pelo espa\u00e7o. Durante o evento, o p\u00fablico acompanhou uma apresenta\u00e7\u00e3o teatral adaptada, estruturada para garantir acessibilidade lingu\u00edstica, al\u00e9m de momentos de integra\u00e7\u00e3o entre os participantes, incluindo um caf\u00e9 da tarde oferecido aos presentes.<\/p>\n<p>&nbsp;<\/p>\n<p>A programa\u00e7\u00e3o tamb\u00e9m contou com visita guiada pelo Casar\u00e3o da Mem\u00f3ria, durante a qual foi apresentada a hist\u00f3ria da cidade, com explica\u00e7\u00f5es acess\u00edveis e contextualizadas.<\/p>\n<p>&nbsp;<\/p>\n<p>Karen Santos, uma das int\u00e9rpretes da Central de Interpreta\u00e7\u00e3o de Libras (CIL), destacou a import\u00e2ncia da a\u00e7\u00e3o para ampliar o acesso \u00e0 informa\u00e7\u00e3o. \u201cMuitos surdos n\u00e3o conheciam a pr\u00f3pria hist\u00f3ria da cidade, justamente pela falta de acessibilidade nesses espa\u00e7os. Quando a gente garante esse tipo de media\u00e7\u00e3o, permite que essas pessoas tamb\u00e9m se reconhe\u00e7am como parte desse territ\u00f3rio e tenham acesso a conte\u00fados que sempre estiveram dispon\u00edveis, mas nem sempre acess\u00edveis\u201d, afirmou.<\/p>\n<p>&nbsp;<\/p>\n<p>Moradora do Jardim Europa e usu\u00e1ria do servi\u00e7o, Whitney Fontinelly da Silva destacou a import\u00e2ncia da iniciativa para o dia a dia da comunidade surda. \u201cAntes da CIL, eu tinha medo de ir ao m\u00e9dico e de n\u00e3o conseguir entender as orienta\u00e7\u00f5es corretamente, at\u00e9 de tomar uma medica\u00e7\u00e3o errada. Hoje, me sinto mais segura. Sou muito grata por tudo que \u00e9 oferecido. Esse atendimento faz diferen\u00e7a na nossa vida, porque antes a comunidade surda n\u00e3o tinha esse acesso\u201d, relatou.<\/p>\n<p>&nbsp;<\/p>\n<p>Para o secret\u00e1rio, a iniciativa representa um avan\u00e7o na pol\u00edtica de inclus\u00e3o do munic\u00edpio. \u201cTemos muito orgulho desse trabalho, que foi pioneiro no Alto Tiet\u00ea e j\u00e1 apresenta resultados concretos. A Central de Interpreta\u00e7\u00e3o de Libras amplia o acesso aos servi\u00e7os p\u00fablicos e assegura que a informa\u00e7\u00e3o chegue de forma clara e acess\u00edvel \u00e0 comunidade surda, superando barreiras hist\u00f3ricas de comunica\u00e7\u00e3o. Trata-se de uma base essencial para garantir autonomia, seguran\u00e7a e compreens\u00e3o nos atendimentos. Seguimos trabalhando para expandir esse servi\u00e7o e consolidar uma cidade cada vez mais acess\u00edvel\u201d, afirmou Paulo Pavione.<\/p>\n<p>&nbsp;<\/p>\n<p>Para o vice-prefeito, a iniciativa refor\u00e7a a continuidade das a\u00e7\u00f5es de inclus\u00e3o no munic\u00edpio. \u201cEsse trabalho n\u00e3o come\u00e7a hoje e tamb\u00e9m n\u00e3o termina aqui. A gente vem avan\u00e7ando, ampliando os servi\u00e7os e garantindo que a acessibilidade esteja presente no dia a dia da cidade. A proposta \u00e9 dar sequ\u00eancia a essas a\u00e7\u00f5es, com mais estrutura e mais alcance para atender a popula\u00e7\u00e3o\u201d, afirmou Said Raful.<\/p>\n<p>&nbsp;<\/p>\n<p><strong>Lan\u00e7amento<\/strong><br \/>\nUm dos destaques da programa\u00e7\u00e3o foi o an\u00fancio da abertura de um curso b\u00e1sico de Libras direcionado aos servidores municipais. A iniciativa tem como foco qualificar o atendimento ao p\u00fablico com defici\u00eancia auditiva, ampliando a comunica\u00e7\u00e3o nos equipamentos p\u00fablicos e fortalecendo as pol\u00edticas de acessibilidade j\u00e1 em andamento na cidade.<\/p>\n<p>&nbsp;<\/p>\n<p>As inscri\u00e7\u00f5es foram abertas nesta quinta-feira (24\/04) e seguem at\u00e9 o dia 4 de maio (segunda-feira). O link ser\u00e1 encaminhado diretamente aos servidores, que poder\u00e3o se cadastrar para participar da forma\u00e7\u00e3o.<\/p>\n<p>&nbsp;<\/p>\n<p>O curso dever\u00e1 contemplar conte\u00fados introdut\u00f3rios da l\u00edngua, com foco na comunica\u00e7\u00e3o cotidiana e no atendimento institucional, contribuindo para tornar os servi\u00e7os municipais mais acess\u00edveis e ampliar a inclus\u00e3o nos espa\u00e7os p\u00fablicos da cidade.<\/p>\n<p>&nbsp;<\/p>\n<p>Cr\u00e9dito das fotos: Divulga\u00e7\u00e3o\/Secop Suzano<\/p>\n","protected":false},"excerpt":{"rendered":"<p>A Prefeitura de Suzano, por meio da Secretaria Municipal de Comunica\u00e7\u00e3o P\u00fablica, promoveu nesta sexta-feira (24\/04) um evento em celebra\u00e7\u00e3o [&hellip;]<\/p>\n","protected":false},"author":1,"featured_media":56092,"comment_status":"closed","ping_status":"closed","sticky":false,"template":"","format":"standard","meta":{"footnotes":""},"categories":[5],"tags":[],"class_list":["post-56091","post","type-post","status-publish","format-standard","has-post-thumbnail","hentry","category-coluna"],"_links":{"self":[{"href":"https:\/\/gilfuentes.com.br\/novo\/wp-json\/wp\/v2\/posts\/56091","targetHints":{"allow":["GET"]}}],"collection":[{"href":"https:\/\/gilfuentes.com.br\/novo\/wp-json\/wp\/v2\/posts"}],"about":[{"href":"https:\/\/gilfuentes.com.br\/novo\/wp-json\/wp\/v2\/types\/post"}],"author":[{"embeddable":true,"href":"https:\/\/gilfuentes.com.br\/novo\/wp-json\/wp\/v2\/users\/1"}],"replies":[{"embeddable":true,"href":"https:\/\/gilfuentes.com.br\/novo\/wp-json\/wp\/v2\/comments?post=56091"}],"version-history":[{"count":1,"href":"https:\/\/gilfuentes.com.br\/novo\/wp-json\/wp\/v2\/posts\/56091\/revisions"}],"predecessor-version":[{"id":56093,"href":"https:\/\/gilfuentes.com.br\/novo\/wp-json\/wp\/v2\/posts\/56091\/revisions\/56093"}],"wp:featuredmedia":[{"embeddable":true,"href":"https:\/\/gilfuentes.com.br\/novo\/wp-json\/wp\/v2\/media\/56092"}],"wp:attachment":[{"href":"https:\/\/gilfuentes.com.br\/novo\/wp-json\/wp\/v2\/media?parent=56091"}],"wp:term":[{"taxonomy":"category","embeddable":true,"href":"https:\/\/gilfuentes.com.br\/novo\/wp-json\/wp\/v2\/categories?post=56091"},{"taxonomy":"post_tag","embeddable":true,"href":"https:\/\/gilfuentes.com.br\/novo\/wp-json\/wp\/v2\/tags?post=56091"}],"curies":[{"name":"wp","href":"https:\/\/api.w.org\/{rel}","templated":true}]}}