{"id":56104,"date":"2026-04-27T12:57:13","date_gmt":"2026-04-27T15:57:13","guid":{"rendered":"https:\/\/gilfuentes.com.br\/novo\/?p=56104"},"modified":"2026-04-27T12:57:28","modified_gmt":"2026-04-27T15:57:28","slug":"brasil-jazz-sinfonica-transforma-classicos-do-rock-em-concerto-so-de-cordas-no-blue-note-sao-paulo","status":"publish","type":"post","link":"https:\/\/gilfuentes.com.br\/novo\/brasil-jazz-sinfonica-transforma-classicos-do-rock-em-concerto-so-de-cordas-no-blue-note-sao-paulo","title":{"rendered":"BRASIL JAZZ SINF\u00d4NICA TRANSFORMA CL\u00c1SSICOS DO ROCK EM CONCERTO S\u00d3 DE CORDAS NO BLUE NOTE S\u00c3O PAULO"},"content":{"rendered":"<p>No dia\u00a0<strong>9 de maio<\/strong>\u00a0(s\u00e1bado), o palco do\u00a0<strong>Blue Note S\u00e3o Paulo<\/strong>\u00a0recebe a\u00a0<strong>Brasil Jazz Sinf\u00f4nica<\/strong>\u00a0com o concerto\u00a0<i><strong>Cordas no Rock<\/strong><\/i>. Sob reg\u00eancia e arranjos do maestro\u00a0<strong>Lu\u00eds Gustavo Petri<\/strong>, a Orquestra apresenta um repert\u00f3rio que atravessa fronteiras musicais ao revisitar cl\u00e1ssicos do rock internacional em uma forma\u00e7\u00e3o inusitada, composta exclusivamente por instrumentos de cordas. A apresenta\u00e7\u00e3o acontece\u00a0<strong>\u00e0s 20h<\/strong>, com ingressos dispon\u00edveis na plataforma\u00a0<a href=\"https:\/\/www.eventim.com.br\/artist\/blue-note-sp\/brasil-jazz-sinfonica-apresenta-cordas-no-rock-4135308\/\" target=\"_blank\" rel=\"noopener noreferrer\">Eventim<\/a>.<\/p>\n<p>&nbsp;<\/p>\n<p>O projeto prop\u00f5e um desafio criativo: transformar sucessos de bandas ic\u00f4nicas como\u00a0<strong>Pink Floyd<\/strong>,\u00a0<strong>Led Zeppelin<\/strong>,\u00a0<strong>Guns N&#8217; Roses<\/strong>,\u00a0<strong>Nirvana<\/strong>,\u00a0<strong>Metallica<\/strong>,\u00a0<strong>Deep Purple\u00a0<\/strong>e\u00a0<strong>Linkin Park<\/strong>\u00a0em vers\u00f5es orquestrais sem bateria, guitarra, baixo, teclados ou vocais. O resultado \u00e9 um espet\u00e1culo que surpreende pela intensidade e pela emo\u00e7\u00e3o, revelando novas possibilidades sonoras para o g\u00eanero e para a pr\u00f3pria Orquestra.<br \/>\nNo programa, o p\u00fablico poder\u00e1 ouvir interpreta\u00e7\u00f5es de grandes hinos do rock, como\u00a0<i>&#8220;The Final Countdown&#8221;<\/i>\u00a0(Europe),\u00a0<i>&#8220;Sweet Child O&#8217; Mine&#8221;<\/i>\u00a0(Guns N&#8217; Roses),\u00a0<i>&#8220;Stairway to Heaven&#8221;<\/i>\u00a0(Led Zeppelin),\u00a0<i>&#8220;Smells Like Teen Spirit&#8221;<\/i>\u00a0(Nirvana) e<i>\u00a0&#8220;Another Brick in the Wall&#8221;\u00a0<\/i>(Pink Floyd).<\/p>\n<p>&nbsp;<\/p>\n<p>Al\u00e9m da proposta art\u00edstica, o concerto carrega tamb\u00e9m um significado pessoal para o maestro Lu\u00eds Gustavo Petri: &#8220;O rock sempre fez parte da minha vida. Trazer esse repert\u00f3rio para o universo das cordas \u00e9 mostrar que a orquestra tamb\u00e9m tem energia para o rock e que esse g\u00eanero oferece material riqu\u00edssimo para a m\u00fasica de concerto&#8221;.<\/p>\n<p>&nbsp;<\/p>\n<p><img loading=\"lazy\" decoding=\"async\" class=\"alignnone size-full wp-image-56106\" src=\"https:\/\/gilfuentes.com.br\/novo\/wp-content\/uploads\/2026\/04\/2h-25.jpg\" alt=\"\" width=\"734\" height=\"510\" srcset=\"https:\/\/gilfuentes.com.br\/novo\/wp-content\/uploads\/2026\/04\/2h-25.jpg 734w, https:\/\/gilfuentes.com.br\/novo\/wp-content\/uploads\/2026\/04\/2h-25-360x250.jpg 360w\" sizes=\"auto, (max-width: 734px) 100vw, 734px\" \/><\/p>\n<p>&nbsp;<\/p>\n<p>Com o espet\u00e1culo, a Brasil Jazz Sinf\u00f4nica reafirma sua versatilidade e sua capacidade de dialogar com diferentes estilos, aproximando p\u00fablicos e ampliando as fronteiras da m\u00fasica de concerto.<\/p>\n<p>&nbsp;<\/p>\n<p><strong>Servi\u00e7o<\/strong><\/p>\n<p><strong>Brasil Jazz Sinf\u00f4nica apresenta\u00a0<\/strong><i><strong>Cordas no Rock<\/strong><\/i><br \/>\n<strong>Reg\u00eancia e arranjos:\u00a0<\/strong>maestro Lu\u00eds Gustavo Petri<br \/>\n<strong>Forma\u00e7\u00e3o:\u00a0<\/strong>cordas<br \/>\n<strong>Data:\u00a0<\/strong>9 de maio (s\u00e1bado)<br \/>\n<strong>Hor\u00e1rio:\u00a0<\/strong>20h<br \/>\n<strong>Local:\u00a0<\/strong>Blue Note S\u00e3o Paulo (Av. Paulista, 2073 \u2013 Bela Vista \u2013 S\u00e3o Paulo)<br \/>\n<strong>Venda de Ingressos<\/strong>:\u00a0<a href=\"https:\/\/www.eventim.com.br\/artist\/blue-note-sp\/brasil-jazz-sinfonica-apresenta-cordas-no-rock-4135308\/\" target=\"_blank\" rel=\"noopener noreferrer\">Eventim<\/a><\/p>\n","protected":false},"excerpt":{"rendered":"<p>No dia\u00a09 de maio\u00a0(s\u00e1bado), o palco do\u00a0Blue Note S\u00e3o Paulo\u00a0recebe a\u00a0Brasil Jazz Sinf\u00f4nica\u00a0com o concerto\u00a0Cordas no Rock. Sob reg\u00eancia e [&hellip;]<\/p>\n","protected":false},"author":1,"featured_media":56105,"comment_status":"closed","ping_status":"closed","sticky":false,"template":"","format":"standard","meta":{"footnotes":""},"categories":[5],"tags":[],"class_list":["post-56104","post","type-post","status-publish","format-standard","has-post-thumbnail","hentry","category-coluna"],"_links":{"self":[{"href":"https:\/\/gilfuentes.com.br\/novo\/wp-json\/wp\/v2\/posts\/56104","targetHints":{"allow":["GET"]}}],"collection":[{"href":"https:\/\/gilfuentes.com.br\/novo\/wp-json\/wp\/v2\/posts"}],"about":[{"href":"https:\/\/gilfuentes.com.br\/novo\/wp-json\/wp\/v2\/types\/post"}],"author":[{"embeddable":true,"href":"https:\/\/gilfuentes.com.br\/novo\/wp-json\/wp\/v2\/users\/1"}],"replies":[{"embeddable":true,"href":"https:\/\/gilfuentes.com.br\/novo\/wp-json\/wp\/v2\/comments?post=56104"}],"version-history":[{"count":2,"href":"https:\/\/gilfuentes.com.br\/novo\/wp-json\/wp\/v2\/posts\/56104\/revisions"}],"predecessor-version":[{"id":56108,"href":"https:\/\/gilfuentes.com.br\/novo\/wp-json\/wp\/v2\/posts\/56104\/revisions\/56108"}],"wp:featuredmedia":[{"embeddable":true,"href":"https:\/\/gilfuentes.com.br\/novo\/wp-json\/wp\/v2\/media\/56105"}],"wp:attachment":[{"href":"https:\/\/gilfuentes.com.br\/novo\/wp-json\/wp\/v2\/media?parent=56104"}],"wp:term":[{"taxonomy":"category","embeddable":true,"href":"https:\/\/gilfuentes.com.br\/novo\/wp-json\/wp\/v2\/categories?post=56104"},{"taxonomy":"post_tag","embeddable":true,"href":"https:\/\/gilfuentes.com.br\/novo\/wp-json\/wp\/v2\/tags?post=56104"}],"curies":[{"name":"wp","href":"https:\/\/api.w.org\/{rel}","templated":true}]}}