{"id":56115,"date":"2026-04-27T14:53:02","date_gmt":"2026-04-27T17:53:02","guid":{"rendered":"https:\/\/gilfuentes.com.br\/novo\/?p=56115"},"modified":"2026-04-27T14:53:02","modified_gmt":"2026-04-27T17:53:02","slug":"nova-orquestra-lanca-turne-com-repertorio-de-bruno-mars","status":"publish","type":"post","link":"https:\/\/gilfuentes.com.br\/novo\/nova-orquestra-lanca-turne-com-repertorio-de-bruno-mars","title":{"rendered":"Nova Orquestra lan\u00e7a turn\u00ea com repert\u00f3rio de Bruno Mars"},"content":{"rendered":"<p>Um dos artistas mais influentes e bem-sucedidos da m\u00fasica pop mundial contempor\u00e2nea,\u00a0<strong>Bruno Mars ser\u00e1 homenageado pela Nova Orquestra<\/strong>\u00a0<strong>em maio<\/strong>. A turn\u00ea conta com o patroc\u00ednio da Vale e passar\u00e1 por tr\u00eas estados e quatro cidades do pa\u00eds: Vit\u00f3ria (ES), Belo Horizonte (MG), Nova Lima (MG) e Rio de Janeiro (RJ).<\/p>\n<p>&nbsp;<\/p>\n<p>Com uma forma\u00e7\u00e3o de mais de 30 m\u00fasicos no palco, reunindo cordas, sopros e banda pop, a Nova Orquestra vai transformar grandes sucessos do artista em vers\u00f5es orquestrais in\u00e9ditas, criando uma experi\u00eancia que mistura a pot\u00eancia da m\u00fasica de concerto com a energia do pop contempor\u00e2neo.<\/p>\n<p>&nbsp;<\/p>\n<p>Hits globais como &#8220;Uptown Funk&#8221;, &#8220;Just the Way You Are&#8221;, &#8220;24K Magic&#8221; e &#8220;Talking to the Moon&#8221; far\u00e3o parte do repert\u00f3rio.<\/p>\n<p>&nbsp;<\/p>\n<p>A estreia acontecer\u00e1 no dia\u00a0<strong>14 de maio<\/strong>, no\u00a0<strong>Teatro Universit\u00e1rio da UFES<\/strong>, em Vit\u00f3ria. Em seguida, o concerto ir\u00e1 para Minas, com apresenta\u00e7\u00f5es na\u00a0<strong>Sala Minas Gerais<\/strong>,\u00a0<strong>dia 16<\/strong>, em BH; e no\u00a0<strong>Teatro Municipal Manoel Franzen de Lima<\/strong>, em Nova Lima,\u00a0<strong>dia 17<\/strong>. O encerramento em grande estilo acontecer\u00e1 no\u00a0<strong>Theatro Municipal do Rio de Janeiro<\/strong>,\u00a0<strong>dia 18<\/strong>, sendo a primeira vez da Nova Orquestra em um dos palcos mais emblem\u00e1ticos do Brasil.<\/p>\n<p>Criada em 2019, a Nova Orquestra vem se consolidando como um dos projetos mais inovadores da cena musical brasileira. Em poucos anos de trajet\u00f3ria, j\u00e1 realizou mais de 100 concertos, se apresentou em todas as regi\u00f5es do pa\u00eds e participou de grandes eventos como Rock in Rio e The Town.<\/p>\n<p>&nbsp;<\/p>\n<p>&#8220;Bruno Mars traz uma mistura de pop, funk, soul e R&amp;B \u2014 um som cheio de camadas, que abre espa\u00e7o para arranjos orquestrais criativos e surpreendentes. \u00c9 um artista que atravessa gera\u00e7\u00f5es e envolve o p\u00fablico de forma genu\u00edna. Estamos muito felizes em levar o repert\u00f3rio desse artista \u00edmpar para o universo da Nova Orquestra&#8221;, afirma Jo\u00e3o Magalh\u00e3es, s\u00f3cio-diretor da Ag\u00eancia Olga, criadora da Nova Orquestra.<\/p>\n<p>&nbsp;<\/p>\n<p>A turn\u00ea tamb\u00e9m se conecta ao programa Vale M\u00fasica, iniciativa da Vale dedicada \u00e0 forma\u00e7\u00e3o musical e ao desenvolvimento de jovens talentos em diferentes regi\u00f5es do Brasil. A cada projeto, m\u00fasicos vindos de polos parceiros se unem \u00e0 Nova Orquestra, fortalecendo o interc\u00e2mbio art\u00edstico e ampliando o alcance da m\u00fasica de concerto para novos p\u00fablicos.<\/p>\n<p>&nbsp;<\/p>\n<p>A reg\u00eancia ser\u00e1 da maestra Ludhymila Bruzzi. Professora de clarineta no projeto social de m\u00fasica da Vale, Bruzzi integrou importantes grupos do cen\u00e1rio musical capixaba, dentre eles a Filarm\u00f4nica de Mulheres do Esp\u00edrito Santo e o Quinteto de Sopros Ella&#8217;s. Com a Nova Orquestra, a maestrina conduziu o conjunto durante a queima de fogos do R\u00e9veillon da Praia de Copacabana 2024, e no show com a cantora Pitty no The Town, em 2023.<\/p>\n<p>&nbsp;<\/p>\n<p><strong>SOBRE A NOVA ORQUESTRA<\/strong><\/p>\n<p>&nbsp;<\/p>\n<p>Inovador projeto em busca de experi\u00eancias \u00fanicas em m\u00fasica de concerto, a Nova Orquestra \u00e9 a primeira orquestra 100% pop do Brasil e busca apresentar shows e projetos com repert\u00f3rios in\u00e9ditos e criativos.<\/p>\n<p>&nbsp;<\/p>\n<p>A Nova fez sua estreia em 2019 na Game XP para mais de 100 mil pessoas, no mesmo ano tamb\u00e9m foi atra\u00e7\u00e3o principal do Palco Sunset do Rock in Rio, onde voltou em 2022 ao lado do cantor J\u00e3o e no espet\u00e1culo Uirapuru, com apresenta\u00e7\u00f5es todos os dias de evento.<\/p>\n<p>&nbsp;<\/p>\n<p>Ganhadora do Pr\u00eamio Profissionais da M\u00fasica, a Nova Orquestra j\u00e1 se apresentou no principal palco do R\u00e9veillon de Copacabana, no Rio de Janeiro, nos festivais The Town, Rock The Mountain, Queremos e Doce Maravilha, realizou duas turn\u00eas internacionais, nos Estados Unidos e Portugal, e fez shows ao lado de grandes nomes da m\u00fasica brasileira como Pitty, Ney Matogrosso, Alceu Valen\u00e7a, Rael, Faf\u00e1 de Bel\u00e9m e Toni Garrido.<\/p>\n<p>&nbsp;<\/p>\n<p><strong>SERVI\u00c7O:<\/strong><\/p>\n<p>&nbsp;<\/p>\n<p>Data: 14.05<\/p>\n<p>Hor\u00e1rio: 20h<\/p>\n<p>Local: Teatro Universit\u00e1rio da UFES<\/p>\n<p>Endere\u00e7o: Av. Fernando Ferrari, 514 &#8211; Goiabeiras, Vit\u00f3ria &#8211; ES<\/p>\n<p><a href=\"https:\/\/www.sympla.com.br\/evento\/nova-orquestra-toca-bruno-mars\/3374947?referrer=www.google.com&amp;referrer=www.google.com\" target=\"_blank\" rel=\"noopener noreferrer\"><u>Ingressos<\/u><\/a><\/p>\n<p>&nbsp;<\/p>\n<p>Data: 16.05<\/p>\n<p>Hor\u00e1rio: 20h<\/p>\n<p>Local: Sala Minas Gerais<\/p>\n<p>Endere\u00e7o: Rua Tenente Brito Melo, 1.090 &#8211; Barro Preto, Belo Horizonte &#8211; MG<\/p>\n<p><a href=\"https:\/\/novaorquestramg.byinti.com\/#\/event\/turne-nova-orquestra-toca-bruno-mars\" target=\"_blank\" rel=\"noopener noreferrer\"><u>Ingressos<\/u><\/a><\/p>\n<p>&nbsp;<\/p>\n<p>Data: 17.05<\/p>\n<p>Hor\u00e1rio: 19h<\/p>\n<p>Local: Teatro Municipal Manoel Franzen de Lima<\/p>\n<p>Endere\u00e7o: Pra\u00e7a Bernardino de Lima &#8211; Centro, Nova Lima &#8211; MG<\/p>\n<p><a href=\"https:\/\/www.sympla.com.br\/evento\/nova-orquestra-toca-bruno-mars\/3377306?referrer=www.google.com&amp;referrer=www.google.com\" target=\"_blank\" rel=\"noopener noreferrer\"><u>Ingressos<\/u><\/a><\/p>\n<p>&nbsp;<\/p>\n<p>Data: 18.05<\/p>\n<p>Hor\u00e1rio: 19h<\/p>\n<p>Local: Theatro Municipal do Rio de Janeiro<\/p>\n<p>Endere\u00e7o:Pra\u00e7a Floriano, S\/N &#8211; Centro, Rio de Janeiro &#8211; RJ<\/p>\n<p><a href=\"https:\/\/feverup.com\/m\/589813?srsltid=AfmBOoqhbz8gCPtIEbc_FR7gyf6QsSP9YTjQvhSJ74TH1Koh8i7oWbSi\" target=\"_blank\" rel=\"noopener noreferrer\"><u>Ingressos<\/u><\/a><\/p>\n","protected":false},"excerpt":{"rendered":"<p>Um dos artistas mais influentes e bem-sucedidos da m\u00fasica pop mundial contempor\u00e2nea,\u00a0Bruno Mars ser\u00e1 homenageado pela Nova Orquestra\u00a0em maio. A [&hellip;]<\/p>\n","protected":false},"author":1,"featured_media":56116,"comment_status":"closed","ping_status":"closed","sticky":false,"template":"","format":"standard","meta":{"footnotes":""},"categories":[5],"tags":[],"class_list":["post-56115","post","type-post","status-publish","format-standard","has-post-thumbnail","hentry","category-coluna"],"_links":{"self":[{"href":"https:\/\/gilfuentes.com.br\/novo\/wp-json\/wp\/v2\/posts\/56115","targetHints":{"allow":["GET"]}}],"collection":[{"href":"https:\/\/gilfuentes.com.br\/novo\/wp-json\/wp\/v2\/posts"}],"about":[{"href":"https:\/\/gilfuentes.com.br\/novo\/wp-json\/wp\/v2\/types\/post"}],"author":[{"embeddable":true,"href":"https:\/\/gilfuentes.com.br\/novo\/wp-json\/wp\/v2\/users\/1"}],"replies":[{"embeddable":true,"href":"https:\/\/gilfuentes.com.br\/novo\/wp-json\/wp\/v2\/comments?post=56115"}],"version-history":[{"count":1,"href":"https:\/\/gilfuentes.com.br\/novo\/wp-json\/wp\/v2\/posts\/56115\/revisions"}],"predecessor-version":[{"id":56117,"href":"https:\/\/gilfuentes.com.br\/novo\/wp-json\/wp\/v2\/posts\/56115\/revisions\/56117"}],"wp:featuredmedia":[{"embeddable":true,"href":"https:\/\/gilfuentes.com.br\/novo\/wp-json\/wp\/v2\/media\/56116"}],"wp:attachment":[{"href":"https:\/\/gilfuentes.com.br\/novo\/wp-json\/wp\/v2\/media?parent=56115"}],"wp:term":[{"taxonomy":"category","embeddable":true,"href":"https:\/\/gilfuentes.com.br\/novo\/wp-json\/wp\/v2\/categories?post=56115"},{"taxonomy":"post_tag","embeddable":true,"href":"https:\/\/gilfuentes.com.br\/novo\/wp-json\/wp\/v2\/tags?post=56115"}],"curies":[{"name":"wp","href":"https:\/\/api.w.org\/{rel}","templated":true}]}}