{"id":56162,"date":"2026-04-28T12:26:50","date_gmt":"2026-04-28T15:26:50","guid":{"rendered":"https:\/\/gilfuentes.com.br\/novo\/?p=56162"},"modified":"2026-04-28T12:26:50","modified_gmt":"2026-04-28T15:26:50","slug":"sesc-belenzinho-apresenta-samba-da-vela","status":"publish","type":"post","link":"https:\/\/gilfuentes.com.br\/novo\/sesc-belenzinho-apresenta-samba-da-vela","title":{"rendered":"SESC BELENZINHO APRESENTA SAMBA DA VELA"},"content":{"rendered":"<p>No dia\u00a0<strong>2 de maio de 2026<\/strong>, o\u00a0<strong>Sesc Belenzinho\u00a0<\/strong>recebe\u00a0<strong>Samba da Vela<\/strong>. A apresenta\u00e7\u00e3o acontece no s\u00e1bado, \u00e0s 20h30, na Comedoria da unidade.\u00a0Os ingressos est\u00e3o\u00a0dispon\u00edveis no portal sescsp.org.br e nas bilheterias f\u00edsicas das unidades Sesc,\u00a0a\u00a0R$ 60,00 (inteira), R$ 30,00 (meia-entrada) e R$ 18 (Credencial Sesc).<\/p>\n<p>&nbsp;<\/p>\n<p>O\u00a0<strong>Samba da Vela<\/strong>\u00a0nasceu em 17 de julho de 2000, em Santo Amaro, este movimento tornou-se um s\u00edmbolo de uni\u00e3o e criatividade no cen\u00e1rio do samba paulistano. Para comemorar essa trajet\u00f3ria, a comunidade prepara a grava\u00e7\u00e3o de um DVD autoral, uma obra que eternizar\u00e1 os cl\u00e1ssicos que embalaram suas noites ao longo de um quarto de s\u00e9culo.<\/p>\n<p>&nbsp;<\/p>\n<p>A hist\u00f3ria do\u00a0<strong>Samba da Vela<\/strong>\u00a0come\u00e7ou com quatro amigos \u2013 Chapinha, Paquera, Magnu Sous\u00e1 e Maur\u00edlio de Oliveira \u2013 que, movidos pelo amor ao samba, decidiram criar um espa\u00e7o para apresentar composi\u00e7\u00f5es autorais. A ideia simples de acender uma vela no in\u00edcio da roda e encerrar quando a chama apagasse tornou-se um ritual \u00fanico, simbolizando a efemeridade e a beleza do momento compartilhado.<\/p>\n<p>Ao longo dos anos, a roda atraiu artistas renomados e an\u00f4nimos, todos unidos pelo respeito e paix\u00e3o pelo samba. O Caderno do\u00a0<strong>Samba da Vela<\/strong>\u00a0surgiu como um registro dessas obras, com as velas coloridas indicando as etapas de apresenta\u00e7\u00e3o e consagra\u00e7\u00e3o da m\u00fasica.<\/p>\n<p>&nbsp;<\/p>\n<p>O\u00a0<strong>Samba da Vela<\/strong>\u00a0recebeu a visita de diversos artistas que enriqueceram ainda mais suas noites, como Beth Carvalho, Fabiana Cozza, Leci Brand\u00e3o, Seu Jorge, Diogo Nogueira, entre outros, al\u00e9m de m\u00fasicos, atores e personalidades que prestigiaram e participaram das rodas, contribuindo para a diversidade e riqueza cultural do movimento.<\/p>\n<p>&nbsp;<\/p>\n<p><strong>Servi\u00e7o:<\/strong><\/p>\n<p><strong>Samba da Vela<\/strong><br \/>\nDia 2 de maio de 2026. S\u00e1bado, \u00e0s 20h30<br \/>\nLocal: Comedoria (850 lugares)<br \/>\nValores: R$60 (inteira); R$ 30 (Meia entrada), R$ 18 (Credencial Sesc)<br \/>\nIngressos \u00e0 venda no portal sescsp.org.br e nas bilheterias das unidades Sesc<br \/>\nClassifica\u00e7\u00e3o: 14 anos<br \/>\nDura\u00e7\u00e3o: 90 minutos<br \/>\n<strong>SESC BELENZINHO<\/strong><br \/>\nEndere\u00e7o: Rua Padre Adelino, 1000.<br \/>\nBelenzinho \u2013 S\u00e3o Paulo (SP)<br \/>\nTelefone: (11) 2076-9700<br \/>\nsescsp.org.br\/Belenzinho<br \/>\n<strong>Estacionamento<\/strong><\/p>\n<p>De ter\u00e7a a s\u00e1bado, das 9h \u00e0s 21h. Domingos e feriados, das 9h \u00e0s 18h.<\/p>\n<p>Valores: Credenciados plenos do Sesc: R$ 5,50 a primeira hora e R$ 2,00 por hora adicional. N\u00e3o credenciados no Sesc: R$ 12,00 a primeira hora e R$ 3,00 por hora adicional.<\/p>\n<p>&nbsp;<\/p>\n<p><strong>Transporte P\u00fablico<\/strong><\/p>\n<p>Metro Bel\u00e9m (550m) | Esta\u00e7\u00e3o Tatuap\u00e9 (1400m)<\/p>\n","protected":false},"excerpt":{"rendered":"<p>No dia\u00a02 de maio de 2026, o\u00a0Sesc Belenzinho\u00a0recebe\u00a0Samba da Vela. A apresenta\u00e7\u00e3o acontece no s\u00e1bado, \u00e0s 20h30, na Comedoria da [&hellip;]<\/p>\n","protected":false},"author":1,"featured_media":56163,"comment_status":"closed","ping_status":"closed","sticky":false,"template":"","format":"standard","meta":{"footnotes":""},"categories":[5],"tags":[],"class_list":["post-56162","post","type-post","status-publish","format-standard","has-post-thumbnail","hentry","category-coluna"],"_links":{"self":[{"href":"https:\/\/gilfuentes.com.br\/novo\/wp-json\/wp\/v2\/posts\/56162","targetHints":{"allow":["GET"]}}],"collection":[{"href":"https:\/\/gilfuentes.com.br\/novo\/wp-json\/wp\/v2\/posts"}],"about":[{"href":"https:\/\/gilfuentes.com.br\/novo\/wp-json\/wp\/v2\/types\/post"}],"author":[{"embeddable":true,"href":"https:\/\/gilfuentes.com.br\/novo\/wp-json\/wp\/v2\/users\/1"}],"replies":[{"embeddable":true,"href":"https:\/\/gilfuentes.com.br\/novo\/wp-json\/wp\/v2\/comments?post=56162"}],"version-history":[{"count":1,"href":"https:\/\/gilfuentes.com.br\/novo\/wp-json\/wp\/v2\/posts\/56162\/revisions"}],"predecessor-version":[{"id":56164,"href":"https:\/\/gilfuentes.com.br\/novo\/wp-json\/wp\/v2\/posts\/56162\/revisions\/56164"}],"wp:featuredmedia":[{"embeddable":true,"href":"https:\/\/gilfuentes.com.br\/novo\/wp-json\/wp\/v2\/media\/56163"}],"wp:attachment":[{"href":"https:\/\/gilfuentes.com.br\/novo\/wp-json\/wp\/v2\/media?parent=56162"}],"wp:term":[{"taxonomy":"category","embeddable":true,"href":"https:\/\/gilfuentes.com.br\/novo\/wp-json\/wp\/v2\/categories?post=56162"},{"taxonomy":"post_tag","embeddable":true,"href":"https:\/\/gilfuentes.com.br\/novo\/wp-json\/wp\/v2\/tags?post=56162"}],"curies":[{"name":"wp","href":"https:\/\/api.w.org\/{rel}","templated":true}]}}