{"id":56184,"date":"2026-05-01T07:00:14","date_gmt":"2026-05-01T10:00:14","guid":{"rendered":"https:\/\/gilfuentes.com.br\/novo\/?p=56184"},"modified":"2026-04-29T13:56:01","modified_gmt":"2026-04-29T16:56:01","slug":"festival-churrascada-anuncia-edicao-2026-e-celebra-cultura-do-fogo-nas-americas","status":"publish","type":"post","link":"https:\/\/gilfuentes.com.br\/novo\/festival-churrascada-anuncia-edicao-2026-e-celebra-cultura-do-fogo-nas-americas","title":{"rendered":"Festival Churrascada anuncia edi\u00e7\u00e3o 2026 e celebra cultura do fogo nas Am\u00e9ricas"},"content":{"rendered":"<p>O<strong>\u00a0Festival Churrascada\u00a0<\/strong>acaba de anunciar sua 11\u00aa edi\u00e7\u00e3o:\u00a0<i>Fogo sem Fronteiras,<\/i>\u00a0que acontece nos dias 1\u00ba e 2 de agosto, em S\u00e3o Paulo. Consolidado como um dos principais encontros de gastronomia e entretenimento do mundo, o evento mant\u00e9m uma de suas marcas registradas, que \u00e9 a ocupa\u00e7\u00e3o de espa\u00e7os in\u00e9ditos e emblem\u00e1ticos da cidade. O local escolhido para este ano ser\u00e1 revelado em breve.<\/p>\n<p>&nbsp;<\/p>\n<p>&#8220;Chegar \u00e0 11\u00aa edi\u00e7\u00e3o refor\u00e7a a maturidade do festival, que ao longo do tempo construiu uma verdadeira comunidade ao seu redor. Em 2026, damos mais um passo ao expandir o conceito do evento, conectando diferentes culturas das Am\u00e9ricas e ampliando a experi\u00eancia para um p\u00fablico cada vez mais diverso&#8221;, comenta\u00a0<strong>Gabriel Carvalho<\/strong>, CEO e fundador do\u00a0<strong>Heat Group<\/strong>, \u00e0 frente do grupo Churrascada, realizador do evento ao lado da DC Set Group.<br \/>\nAo longo do final de semana, cerca de 4 mil pessoas s\u00e3o esperadas para vivenciar uma experi\u00eancia que vai al\u00e9m da comida e bebida, re\u00fane entretenimento, cultura e hospitalidade em torno da brasa.<\/p>\n<p>&nbsp;<\/p>\n<p>Mais de 40 esta\u00e7\u00f5es, comandadas por chefs e assadores nacionais e internacionais, v\u00e3o traduzir a tem\u00e1tica desta edi\u00e7\u00e3o em cortes, t\u00e9cnicas e receitas que percorrem as Am\u00e9ricas. A curadoria \u00e9 assinada por Gustavo Bottino, idealizador do festival e respons\u00e1vel por conectar diferentes tradi\u00e7\u00f5es do fogo em uma jornada sensorial que atravessa fronteiras.<br \/>\nO formato consagrado de open food e open beer durante os dois dias, permitir\u00e1 ao p\u00fablico explorar livremente as esta\u00e7\u00f5es e vivenciar diferentes interpreta\u00e7\u00f5es do churrasco, do cl\u00e1ssico ao contempor\u00e2neo.<\/p>\n<p>&nbsp;<\/p>\n<p>Atra\u00e7\u00f5es musicais e ativa\u00e7\u00f5es exclusivas de hospitalidade completam a programa\u00e7\u00e3o. &#8220;Mais do que a t\u00e9cnica ou o corte, o churrasco tem um valor simb\u00f3lico de encontro, de troca, de tempo compartilhado. \u00c9 essa viv\u00eancia ao redor da brasa que queremos traduzir no festival, com curadoria, qualidade de produto e uma experi\u00eancia pensada para ser vivida coletivamente&#8221;, completa o CEO.<\/p>\n<p>&nbsp;<\/p>\n<p>Os ingressos estar\u00e3o \u00e0 venda a partir de 29 de abril e poder\u00e3o ser adquiridos em passaportes para os dois dias ou individualmente.<br \/>\nMais informa\u00e7\u00f5es:\u00a0<a href=\"https:\/\/churrascadafestival.com\/\" target=\"_blank\" rel=\"noopener noreferrer\">Link<\/a><\/p>\n<p>&nbsp;<\/p>\n<p><strong>Festival Churrascada 2026<\/strong><br \/>\nData: 1\u00ba e 2 de agosto de 2026<br \/>\nLocal: a ser revelado<br \/>\nSite Oficial: churrascadafestival.com<br \/>\nInstagram:\u00a0<a href=\"https:\/\/www.instagram.com\/churrascada\/\" target=\"_blank\" rel=\"noopener noreferrer\"><u>churrascada<\/u><\/a><\/p>\n<p>&nbsp;<\/p>\n<p><strong>Ingressos:<\/strong><br \/>\nAbertura de vendas geral: 29\/04<br \/>\n<strong>Sobre o Festival Churrascada<\/strong><br \/>\nEm 2026, o Festival Churrascada chega \u00e0 sua 11\u00aa edi\u00e7\u00e3o como um dos principais festivais de churrasco do mundo. Realizado pelo Heat Group e pela DC Set Group, re\u00fane chefs renomados e amantes da boa carne em uma experi\u00eancia que celebra a tradi\u00e7\u00e3o, os encontros e a cultura do fogo.<\/p>\n","protected":false},"excerpt":{"rendered":"<p>O\u00a0Festival Churrascada\u00a0acaba de anunciar sua 11\u00aa edi\u00e7\u00e3o:\u00a0Fogo sem Fronteiras,\u00a0que acontece nos dias 1\u00ba e 2 de agosto, em S\u00e3o Paulo. [&hellip;]<\/p>\n","protected":false},"author":1,"featured_media":56185,"comment_status":"closed","ping_status":"closed","sticky":false,"template":"","format":"standard","meta":{"footnotes":""},"categories":[5],"tags":[],"class_list":["post-56184","post","type-post","status-publish","format-standard","has-post-thumbnail","hentry","category-coluna"],"_links":{"self":[{"href":"https:\/\/gilfuentes.com.br\/novo\/wp-json\/wp\/v2\/posts\/56184","targetHints":{"allow":["GET"]}}],"collection":[{"href":"https:\/\/gilfuentes.com.br\/novo\/wp-json\/wp\/v2\/posts"}],"about":[{"href":"https:\/\/gilfuentes.com.br\/novo\/wp-json\/wp\/v2\/types\/post"}],"author":[{"embeddable":true,"href":"https:\/\/gilfuentes.com.br\/novo\/wp-json\/wp\/v2\/users\/1"}],"replies":[{"embeddable":true,"href":"https:\/\/gilfuentes.com.br\/novo\/wp-json\/wp\/v2\/comments?post=56184"}],"version-history":[{"count":1,"href":"https:\/\/gilfuentes.com.br\/novo\/wp-json\/wp\/v2\/posts\/56184\/revisions"}],"predecessor-version":[{"id":56186,"href":"https:\/\/gilfuentes.com.br\/novo\/wp-json\/wp\/v2\/posts\/56184\/revisions\/56186"}],"wp:featuredmedia":[{"embeddable":true,"href":"https:\/\/gilfuentes.com.br\/novo\/wp-json\/wp\/v2\/media\/56185"}],"wp:attachment":[{"href":"https:\/\/gilfuentes.com.br\/novo\/wp-json\/wp\/v2\/media?parent=56184"}],"wp:term":[{"taxonomy":"category","embeddable":true,"href":"https:\/\/gilfuentes.com.br\/novo\/wp-json\/wp\/v2\/categories?post=56184"},{"taxonomy":"post_tag","embeddable":true,"href":"https:\/\/gilfuentes.com.br\/novo\/wp-json\/wp\/v2\/tags?post=56184"}],"curies":[{"name":"wp","href":"https:\/\/api.w.org\/{rel}","templated":true}]}}