{"id":58725,"date":"2026-08-14T18:05:17","date_gmt":"2026-08-14T21:05:17","guid":{"rendered":"https:\/\/gilfuentes.com.br\/novo\/?p=58725"},"modified":"2026-08-13T15:52:28","modified_gmt":"2026-08-13T18:52:28","slug":"69-anos-ccmc","status":"publish","type":"post","link":"https:\/\/gilfuentes.com.br\/novo\/69-anos-ccmc","title":{"rendered":"69 ANOS CCMC"},"content":{"rendered":"<p>O Clube de Campo de Mogi das Cruzes (CCMC) convidando para a comemora\u00e7\u00e3o dos 69 anos de funda\u00e7\u00e3o da entidade, que acontecer\u00e1 no dia 22, a partir das 20 horas.<\/p>\n","protected":false},"excerpt":{"rendered":"<p>O Clube de Campo de Mogi das Cruzes (CCMC) convidando para a comemora\u00e7\u00e3o dos 69 anos de funda\u00e7\u00e3o da entidade, [&hellip;]<\/p>\n","protected":false},"author":1,"featured_media":0,"comment_status":"closed","ping_status":"closed","sticky":false,"template":"","format":"standard","meta":{"footnotes":""},"categories":[7],"tags":[],"class_list":["post-58725","post","type-post","status-publish","format-standard","hentry","category-notas"],"_links":{"self":[{"href":"https:\/\/gilfuentes.com.br\/novo\/wp-json\/wp\/v2\/posts\/58725","targetHints":{"allow":["GET"]}}],"collection":[{"href":"https:\/\/gilfuentes.com.br\/novo\/wp-json\/wp\/v2\/posts"}],"about":[{"href":"https:\/\/gilfuentes.com.br\/novo\/wp-json\/wp\/v2\/types\/post"}],"author":[{"embeddable":true,"href":"https:\/\/gilfuentes.com.br\/novo\/wp-json\/wp\/v2\/users\/1"}],"replies":[{"embeddable":true,"href":"https:\/\/gilfuentes.com.br\/novo\/wp-json\/wp\/v2\/comments?post=58725"}],"version-history":[{"count":1,"href":"https:\/\/gilfuentes.com.br\/novo\/wp-json\/wp\/v2\/posts\/58725\/revisions"}],"predecessor-version":[{"id":58726,"href":"https:\/\/gilfuentes.com.br\/novo\/wp-json\/wp\/v2\/posts\/58725\/revisions\/58726"}],"wp:attachment":[{"href":"https:\/\/gilfuentes.com.br\/novo\/wp-json\/wp\/v2\/media?parent=58725"}],"wp:term":[{"taxonomy":"category","embeddable":true,"href":"https:\/\/gilfuentes.com.br\/novo\/wp-json\/wp\/v2\/categories?post=58725"},{"taxonomy":"post_tag","embeddable":true,"href":"https:\/\/gilfuentes.com.br\/novo\/wp-json\/wp\/v2\/tags?post=58725"}],"curies":[{"name":"wp","href":"https:\/\/api.w.org\/{rel}","templated":true}]}}