{"id":59090,"date":"2026-08-30T07:30:18","date_gmt":"2026-08-30T10:30:18","guid":{"rendered":"https:\/\/gilfuentes.com.br\/novo\/?p=59090"},"modified":"2026-08-28T17:45:44","modified_gmt":"2026-08-28T20:45:44","slug":"mirambava-lota-com-encerramento-do-agosto-jovem","status":"publish","type":"post","link":"https:\/\/gilfuentes.com.br\/novo\/mirambava-lota-com-encerramento-do-agosto-jovem","title":{"rendered":"Mirambava lota com encerramento do &#8216;Agosto Jovem&#8217;"},"content":{"rendered":"<p>Mais de 300 estudantes se reuniram no Complexo Educacional e Cultural Mirambava nesta sexta-feira (28\/08) para o &#8220;Conex\u00e3o Juventude&#8221;, evento que marcou o encerramento da programa\u00e7\u00e3o do &#8220;Agosto Jovem&#8221; em Suzano. A a\u00e7\u00e3o ofereceu palestras sobre carreira, mercado de trabalho e futuro profissional, al\u00e9m de estandes com servi\u00e7os, cursos e experi\u00eancias interativas de institui\u00e7\u00f5es de ensino e \u00f3rg\u00e3os municipais.<\/p>\n<p>&nbsp;<\/p>\n<p>A iniciativa foi realizada pela Secretaria de Comunica\u00e7\u00e3o P\u00fablica (Secop), em parceria com a Secretaria de Governo e o Conselho Municipal da Juventude (Comjuve). O evento contou com a presen\u00e7a do prefeito Pedro Ishi, da primeira-dama e presidente do Fundo Social de Solidariedade, D\u00e9borah Ishi, al\u00e9m do coordenador estadual da Juventude, Juliano Borges, dos secret\u00e1rios Paulo Pavione (Comunica\u00e7\u00e3o P\u00fablica) e Alex Santos (Governo), do presidente do Comjuve, Andr\u00e9 Bom Fim, e do presidente da C\u00e2mara, vereador Artur Takayama.<\/p>\n<p>&nbsp;<\/p>\n<p>Participaram alunos da Guarda Mirim, da Etec de Suzano, do IFSP e de escolas p\u00fablicas da rede municipal e estadual. Nos estandes, os jovens puderam conhecer cursos da Fatec e capacita\u00e7\u00f5es gratuitas do Saspe, experimentar \u00f3culos de realidade virtual com o Indes, conferir projetos tecnol\u00f3gicos do IFSP e obter orienta\u00e7\u00f5es sobre o programa &#8220;ID Jovem&#8221;, oferecidas pela Secretaria de Assist\u00eancia e Desenvolvimento Social.<\/p>\n<p>&nbsp;<\/p>\n<p>O ciclo de palestras reuniu nomes de diferentes segmentos. Rodriguinho, ex-levantador e atual membro da comiss\u00e3o t\u00e9cnica do Suzano V\u00f4lei, abordou a import\u00e2ncia da qualifica\u00e7\u00e3o cont\u00ednua e os desafios da carreira de atleta. Anderson Morais, CEO do Grupo Goold, compartilhou aprendizados sobre empreendedorismo no mercado de cosm\u00e9ticos. Davison &#8220;Bob&#8221; Fortunato, skatista de proje\u00e7\u00e3o internacional, incentivou a persist\u00eancia e relembrou a mobiliza\u00e7\u00e3o pela constru\u00e7\u00e3o da pista de skate na cidade. Fechando a rodada, o publicit\u00e1rio e apresentador Filipe Almeida destacou o valor da criatividade no mercado de comunica\u00e7\u00e3o e marketing.<\/p>\n<p>&nbsp;<\/p>\n<p>Durante o encontro, Andr\u00e9 Bom Fim ressaltou que o &#8220;Agosto Jovem&#8221; ampliou o di\u00e1logo com os jovens por meio de a\u00e7\u00f5es de forma\u00e7\u00e3o, cidadania e cultura. O secret\u00e1rio Alex Santos enfatizou o fortalecimento cont\u00ednuo de pol\u00edticas p\u00fablicas para a juventude, enquanto Paulo Pavione apontou a import\u00e2ncia de conectar os estudantes aos servi\u00e7os p\u00fablicos. Encerrando os discursos, o prefeito Pedro Ishi refor\u00e7ou o compromisso da administra\u00e7\u00e3o em oferecer suporte e ferramentas para que as novas gera\u00e7\u00f5es desenvolvam seu potencial e fa\u00e7am escolhas profissionais com seguran\u00e7a.<\/p>\n<p>&nbsp;<\/p>\n<p><img loading=\"lazy\" decoding=\"async\" class=\"alignnone  wp-image-59092\" src=\"https:\/\/gilfuentes.com.br\/novo\/wp-content\/uploads\/2026\/08\/COLUNA-1-2-7.jpg\" alt=\"\" width=\"640\" height=\"445\" srcset=\"https:\/\/gilfuentes.com.br\/novo\/wp-content\/uploads\/2026\/08\/COLUNA-1-2-7.jpg 734w, https:\/\/gilfuentes.com.br\/novo\/wp-content\/uploads\/2026\/08\/COLUNA-1-2-7-360x250.jpg 360w\" sizes=\"auto, (max-width: 640px) 100vw, 640px\" \/><\/p>\n<p>&nbsp;<\/p>\n<p><em>(Fotos: Mauricio Sordilli \/ Anderson Fran\u00e7a \u2013 Secop Suzano)<\/em><\/p>\n","protected":false},"excerpt":{"rendered":"<p>Mais de 300 estudantes se reuniram no Complexo Educacional e Cultural Mirambava nesta sexta-feira (28\/08) para o &#8220;Conex\u00e3o Juventude&#8221;, evento [&hellip;]<\/p>\n","protected":false},"author":1,"featured_media":59091,"comment_status":"closed","ping_status":"closed","sticky":false,"template":"","format":"standard","meta":{"footnotes":""},"categories":[5],"tags":[],"class_list":["post-59090","post","type-post","status-publish","format-standard","has-post-thumbnail","hentry","category-coluna"],"_links":{"self":[{"href":"https:\/\/gilfuentes.com.br\/novo\/wp-json\/wp\/v2\/posts\/59090","targetHints":{"allow":["GET"]}}],"collection":[{"href":"https:\/\/gilfuentes.com.br\/novo\/wp-json\/wp\/v2\/posts"}],"about":[{"href":"https:\/\/gilfuentes.com.br\/novo\/wp-json\/wp\/v2\/types\/post"}],"author":[{"embeddable":true,"href":"https:\/\/gilfuentes.com.br\/novo\/wp-json\/wp\/v2\/users\/1"}],"replies":[{"embeddable":true,"href":"https:\/\/gilfuentes.com.br\/novo\/wp-json\/wp\/v2\/comments?post=59090"}],"version-history":[{"count":1,"href":"https:\/\/gilfuentes.com.br\/novo\/wp-json\/wp\/v2\/posts\/59090\/revisions"}],"predecessor-version":[{"id":59093,"href":"https:\/\/gilfuentes.com.br\/novo\/wp-json\/wp\/v2\/posts\/59090\/revisions\/59093"}],"wp:featuredmedia":[{"embeddable":true,"href":"https:\/\/gilfuentes.com.br\/novo\/wp-json\/wp\/v2\/media\/59091"}],"wp:attachment":[{"href":"https:\/\/gilfuentes.com.br\/novo\/wp-json\/wp\/v2\/media?parent=59090"}],"wp:term":[{"taxonomy":"category","embeddable":true,"href":"https:\/\/gilfuentes.com.br\/novo\/wp-json\/wp\/v2\/categories?post=59090"},{"taxonomy":"post_tag","embeddable":true,"href":"https:\/\/gilfuentes.com.br\/novo\/wp-json\/wp\/v2\/tags?post=59090"}],"curies":[{"name":"wp","href":"https:\/\/api.w.org\/{rel}","templated":true}]}}