{"id":59094,"date":"2026-08-30T11:30:50","date_gmt":"2026-08-30T14:30:50","guid":{"rendered":"https:\/\/gilfuentes.com.br\/novo\/?p=59094"},"modified":"2026-08-28T18:10:46","modified_gmt":"2026-08-28T21:10:46","slug":"aruja-ajuda-mais-de-260-pessoas-a-parar-de-fumar","status":"publish","type":"post","link":"https:\/\/gilfuentes.com.br\/novo\/aruja-ajuda-mais-de-260-pessoas-a-parar-de-fumar","title":{"rendered":"Aruj\u00e1 ajuda mais de 260 pessoas a parar de fumar"},"content":{"rendered":"<p>Com materiais visuais de impacto \u2014 como simula\u00e7\u00f5es de \u00f3rg\u00e3os danificados, frascos com alcatr\u00e3o e ma\u00e7os com alertas \u2014, o m\u00e9dico Dario Silva de Oliveira conduziu uma palestra para conscientizar pacientes no Centro de Aten\u00e7\u00e3o Psicossocial (CAPS) II, no Parque Rodrigo Barreto. A a\u00e7\u00e3o integra o Programa Nacional de Controle do Tabagismo (PNCT), coordenado pelo Instituto Nacional de C\u00e2ncer (INCA) e oferecido gratuitamente pelo SUS em parceria com a Secretaria Municipal de Sa\u00fade de Aruj\u00e1.<\/p>\n<p>&nbsp;<\/p>\n<p>A equipe respons\u00e1vel na cidade conta ainda com a m\u00e9dica cl\u00ednica geral Cristina Pracchia Roberto e o assistente social Carlos Beserra Barreto. A iniciativa ganha destaque especial neste s\u00e1bado (29), Dia Nacional de Combate ao Fumo, data voltada a conscientizar sobre os danos do tabaco e estimular a busca por uma vida sem o v\u00edcio.<\/p>\n<p>&nbsp;<\/p>\n<p>Desde 2025, a iniciativa j\u00e1 acolheu cerca de 265 moradores. Com turmas de 20 participantes, o acompanhamento tem dura\u00e7\u00e3o de tr\u00eas meses e registra taxa de sucesso superior a 60% no abandono do cigarro, oferecendo suporte cont\u00ednuo mesmo em eventuais reca\u00eddas. O programa tamb\u00e9m aborda a depend\u00eancia de outras subst\u00e2ncias, como \u00e1lcool, maconha, drogas sint\u00e9ticas, narguil\u00e9s e cigarros eletr\u00f4nicos (vapes).<\/p>\n<p>&nbsp;<\/p>\n<p>Durante a apresenta\u00e7\u00e3o, o m\u00e9dico compartilhou exemplos de casos atendidos no munic\u00edpio para alertar sobre a influ\u00eancia familiar no in\u00edcio precoce do h\u00e1bito e as consequ\u00eancias severas \u00e0 sa\u00fade, desde a perda precoce de dentes at\u00e9 o desenvolvimento de c\u00e2ncer. Entre os presentes, Ezequiel Formagi, de 68 anos, afirmou que pretende dar continuidade aos encontros para encerrar um hist\u00f3rico de d\u00e9cadas com o fumo, enquanto Juscilene Brito dos Santos, de 37 anos e livre do v\u00edcio h\u00e1 seis, compareceu para refor\u00e7ar a import\u00e2ncia do apoio m\u00e9dico e familiar no processo de supera\u00e7\u00e3o.<\/p>\n<p>&nbsp;<\/p>\n<p>Para participar, n\u00e3o \u00e9 necess\u00e1rio agendamento pr\u00e9vio: basta procurar a UBS mais pr\u00f3xima ou ir direto ao CAPS II (Rua Maria de Lourdes Victorino, 5 \u2013 Parque Rodrigo Barreto). As palestras abertas ao p\u00fablico acontecem todas as ter\u00e7as-feiras, \u00e0s 15h. A partir do primeiro encontro, os pacientes passam por triagem com equipe multiprofissional (Cl\u00ednica Geral, Psicologia, Psiquiatria e Servi\u00e7o Social), que define a conduta individual, incluindo suporte comportamental e indica\u00e7\u00e3o de medicamentos ou adesivos de nicotina, quando necess\u00e1rio. Mais informa\u00e7\u00f5es podem ser obtidas pelo telefone (11) 4655-1550.<\/p>\n","protected":false},"excerpt":{"rendered":"<p>Com materiais visuais de impacto \u2014 como simula\u00e7\u00f5es de \u00f3rg\u00e3os danificados, frascos com alcatr\u00e3o e ma\u00e7os com alertas \u2014, o [&hellip;]<\/p>\n","protected":false},"author":1,"featured_media":59095,"comment_status":"closed","ping_status":"closed","sticky":false,"template":"","format":"standard","meta":{"footnotes":""},"categories":[5],"tags":[],"class_list":["post-59094","post","type-post","status-publish","format-standard","has-post-thumbnail","hentry","category-coluna"],"_links":{"self":[{"href":"https:\/\/gilfuentes.com.br\/novo\/wp-json\/wp\/v2\/posts\/59094","targetHints":{"allow":["GET"]}}],"collection":[{"href":"https:\/\/gilfuentes.com.br\/novo\/wp-json\/wp\/v2\/posts"}],"about":[{"href":"https:\/\/gilfuentes.com.br\/novo\/wp-json\/wp\/v2\/types\/post"}],"author":[{"embeddable":true,"href":"https:\/\/gilfuentes.com.br\/novo\/wp-json\/wp\/v2\/users\/1"}],"replies":[{"embeddable":true,"href":"https:\/\/gilfuentes.com.br\/novo\/wp-json\/wp\/v2\/comments?post=59094"}],"version-history":[{"count":1,"href":"https:\/\/gilfuentes.com.br\/novo\/wp-json\/wp\/v2\/posts\/59094\/revisions"}],"predecessor-version":[{"id":59096,"href":"https:\/\/gilfuentes.com.br\/novo\/wp-json\/wp\/v2\/posts\/59094\/revisions\/59096"}],"wp:featuredmedia":[{"embeddable":true,"href":"https:\/\/gilfuentes.com.br\/novo\/wp-json\/wp\/v2\/media\/59095"}],"wp:attachment":[{"href":"https:\/\/gilfuentes.com.br\/novo\/wp-json\/wp\/v2\/media?parent=59094"}],"wp:term":[{"taxonomy":"category","embeddable":true,"href":"https:\/\/gilfuentes.com.br\/novo\/wp-json\/wp\/v2\/categories?post=59094"},{"taxonomy":"post_tag","embeddable":true,"href":"https:\/\/gilfuentes.com.br\/novo\/wp-json\/wp\/v2\/tags?post=59094"}],"curies":[{"name":"wp","href":"https:\/\/api.w.org\/{rel}","templated":true}]}}