{"id":59116,"date":"2026-09-01T14:46:57","date_gmt":"2026-09-01T17:46:57","guid":{"rendered":"https:\/\/gilfuentes.com.br\/novo\/?p=59116"},"modified":"2026-09-01T14:49:22","modified_gmt":"2026-09-01T17:49:22","slug":"127-anos-de-historia-afeto-e-compromisso-com-o-futuro","status":"publish","type":"post","link":"https:\/\/gilfuentes.com.br\/novo\/127-anos-de-historia-afeto-e-compromisso-com-o-futuro","title":{"rendered":"127 anos de hist\u00f3ria, afeto e compromisso com o futuro."},"content":{"rendered":"<p>No m\u00eas em que celebra 127 anos \u2014 com data oficial em 19 de setembro \u2014, Guararema preparou um calend\u00e1rio especial focado em cultura, esporte e infraestrutura. Sob o tema \u201cFeita de hist\u00f3ria, impulsionada pelo futuro\u201d, a Prefeitura destaca a preserva\u00e7\u00e3o de sua identidade e o avan\u00e7o em \u00e1reas como mobilidade, educa\u00e7\u00e3o e assist\u00eancia social.<\/p>\n<p>&nbsp;<\/p>\n<p data-path-to-node=\"5\">Durante todo o m\u00eas, ser\u00e3o divulgados os andamentos de obras importantes, incluindo:<\/p>\n<p>&nbsp;<\/p>\n<p style=\"margin-left: 18.0pt;\" data-path-to-node=\"6,0,0\">Complexo 3 em 1 de Assist\u00eancia Social (Centro Dia do Idoso, sede da Secretaria e CRAS)<\/p>\n<p style=\"margin-left: 18.0pt;\" data-path-to-node=\"6,1,0\">Nova sede da Secretaria de Educa\u00e7\u00e3o e nova unidade da Apae<\/p>\n<p style=\"margin-left: 18.0pt;\" data-path-to-node=\"6,2,0\">Nova Escola Prof. Jo\u00e3o Raphael de Lara Netto (Nogueira) e revitaliza\u00e7\u00e3o do Teatro Municipal<\/p>\n<p style=\"margin-left: 18.0pt;\" data-path-to-node=\"6,3,0\">Centro de Eventos, Conven\u00e7\u00f5es e Exposi\u00e7\u00f5es<\/p>\n<p>&nbsp;<\/p>\n<p>&nbsp;<\/p>\n<p>Novos projetos tamb\u00e9m ser\u00e3o lan\u00e7ados, como o Centro de Treinamento de Gin\u00e1stica R\u00edtmica (Ipiranga), o Parque Linear e o Espa\u00e7o Multiuso (ambos no Guanabara), a nova Escola Municipal Cidoca (Jd. Dulce) e melhorias no Horto Municipal.<\/p>\n<p>&nbsp;<\/p>\n<p>A agenda comemorativa conta ainda com concerto sinf\u00f4nico, inaugura\u00e7\u00e3o de monumento e torneios esportivos. O cronograma completo com hor\u00e1rios e locais ser\u00e1 publicado no site oficial (guararema.sp.gov.br\/eventos) e no perfil @prefeituradeguararema.<\/p>\n<p>&nbsp;<\/p>\n<p>&nbsp;<\/p>\n<p data-path-to-node=\"8\"><img loading=\"lazy\" decoding=\"async\" class=\"alignnone wp-image-59118\" src=\"https:\/\/gilfuentes.com.br\/novo\/wp-content\/uploads\/2026\/09\/COLUNA-1-2.jpg\" alt=\"\" width=\"635\" height=\"441\" srcset=\"https:\/\/gilfuentes.com.br\/novo\/wp-content\/uploads\/2026\/09\/COLUNA-1-2.jpg 734w, https:\/\/gilfuentes.com.br\/novo\/wp-content\/uploads\/2026\/09\/COLUNA-1-2-360x250.jpg 360w\" sizes=\"auto, (max-width: 635px) 100vw, 635px\" \/><\/p>\n<p>&nbsp;<\/p>\n<p>&nbsp;<\/p>\n<p data-path-to-node=\"8\">Cr\u00e9dito: Divulga\u00e7\u00e3o<\/p>\n","protected":false},"excerpt":{"rendered":"<p>No m\u00eas em que celebra 127 anos \u2014 com data oficial em 19 de setembro \u2014, Guararema preparou um calend\u00e1rio [&hellip;]<\/p>\n","protected":false},"author":1,"featured_media":59117,"comment_status":"closed","ping_status":"closed","sticky":false,"template":"","format":"standard","meta":{"footnotes":""},"categories":[5],"tags":[],"class_list":["post-59116","post","type-post","status-publish","format-standard","has-post-thumbnail","hentry","category-coluna"],"_links":{"self":[{"href":"https:\/\/gilfuentes.com.br\/novo\/wp-json\/wp\/v2\/posts\/59116","targetHints":{"allow":["GET"]}}],"collection":[{"href":"https:\/\/gilfuentes.com.br\/novo\/wp-json\/wp\/v2\/posts"}],"about":[{"href":"https:\/\/gilfuentes.com.br\/novo\/wp-json\/wp\/v2\/types\/post"}],"author":[{"embeddable":true,"href":"https:\/\/gilfuentes.com.br\/novo\/wp-json\/wp\/v2\/users\/1"}],"replies":[{"embeddable":true,"href":"https:\/\/gilfuentes.com.br\/novo\/wp-json\/wp\/v2\/comments?post=59116"}],"version-history":[{"count":4,"href":"https:\/\/gilfuentes.com.br\/novo\/wp-json\/wp\/v2\/posts\/59116\/revisions"}],"predecessor-version":[{"id":59122,"href":"https:\/\/gilfuentes.com.br\/novo\/wp-json\/wp\/v2\/posts\/59116\/revisions\/59122"}],"wp:featuredmedia":[{"embeddable":true,"href":"https:\/\/gilfuentes.com.br\/novo\/wp-json\/wp\/v2\/media\/59117"}],"wp:attachment":[{"href":"https:\/\/gilfuentes.com.br\/novo\/wp-json\/wp\/v2\/media?parent=59116"}],"wp:term":[{"taxonomy":"category","embeddable":true,"href":"https:\/\/gilfuentes.com.br\/novo\/wp-json\/wp\/v2\/categories?post=59116"},{"taxonomy":"post_tag","embeddable":true,"href":"https:\/\/gilfuentes.com.br\/novo\/wp-json\/wp\/v2\/tags?post=59116"}],"curies":[{"name":"wp","href":"https:\/\/api.w.org\/{rel}","templated":true}]}}