{"id":59123,"date":"2026-09-01T15:05:47","date_gmt":"2026-09-01T18:05:47","guid":{"rendered":"https:\/\/gilfuentes.com.br\/novo\/?p=59123"},"modified":"2026-09-01T15:05:47","modified_gmt":"2026-09-01T18:05:47","slug":"alceu-valenca-e-orquestra-ouro-preto-fazem-show-gratuito-no-ibirapuera","status":"publish","type":"post","link":"https:\/\/gilfuentes.com.br\/novo\/alceu-valenca-e-orquestra-ouro-preto-fazem-show-gratuito-no-ibirapuera","title":{"rendered":"Alceu Valen\u00e7a e Orquestra Ouro Preto fazem show gratuito no Ibirapuera."},"content":{"rendered":"<p>No dia 13 de setembro, a partir das 18h30, o Audit\u00f3rio Externo do Parque Ibirapuera recebe o concerto gratuito de Alceu Valen\u00e7a ao lado da Orquestra Ouro Preto. A apresenta\u00e7\u00e3o faz parte do projeto cultural SulAm\u00e9rica Sessions e re\u00fane a m\u00fasica de concerto \u00e0 tradi\u00e7\u00e3o dos ritmos nordestinos.<\/p>\n<p>&nbsp;<\/p>\n<p data-path-to-node=\"4\">A noite come\u00e7a com o espet\u00e1culo <em data-path-to-node=\"4\" data-index-in-node=\"32\">Gonzag\u00e3o: Concerto para Cordas e Trio P\u00e9 de Serra<\/em>, tributo da orquestra \u00e0 obra de Luiz Gonzaga lan\u00e7ado em \u00e1lbum e audiovisual. Em seguida, Alceu Valen\u00e7a sobe ao palco para interpretar sucessos de sua carreira, como <em data-path-to-node=\"4\" data-index-in-node=\"247\">Anuncia\u00e7\u00e3o<\/em>, <em data-path-to-node=\"4\" data-index-in-node=\"259\">Tropicana<\/em>, <em data-path-to-node=\"4\" data-index-in-node=\"270\">La Belle de Jour<\/em>, <em data-path-to-node=\"4\" data-index-in-node=\"288\">Girassol<\/em> e <em data-path-to-node=\"4\" data-index-in-node=\"299\">Como Dois Animais<\/em>. Os dois momentos contam com reg\u00eancia do maestro Rodrigo Toffolo e arranjos de Mateus Freire.<\/p>\n<p>&nbsp;<\/p>\n<p data-path-to-node=\"5\">Iniciada em 2012, a parceria entre o cantor e o conjunto mineiro originou os \u00e1lbuns <em data-path-to-node=\"5\" data-index-in-node=\"84\">Valencianas<\/em> (2014) e <em data-path-to-node=\"5\" data-index-in-node=\"105\">Valencianas II<\/em> (2022), al\u00e9m de turn\u00eas de destaque no Brasil e na Europa. A iniciativa visa democratizar o acesso \u00e0 m\u00fasica e aproximar linguagens cl\u00e1ssicas e populares.<\/p>\n<p>&nbsp;<\/p>\n<p><img loading=\"lazy\" decoding=\"async\" class=\"alignnone  wp-image-59124\" src=\"https:\/\/gilfuentes.com.br\/novo\/wp-content\/uploads\/2026\/09\/COLUNA-2-1.jpg\" alt=\"\" width=\"640\" height=\"445\" srcset=\"https:\/\/gilfuentes.com.br\/novo\/wp-content\/uploads\/2026\/09\/COLUNA-2-1.jpg 734w, https:\/\/gilfuentes.com.br\/novo\/wp-content\/uploads\/2026\/09\/COLUNA-2-1-360x250.jpg 360w\" sizes=\"auto, (max-width: 640px) 100vw, 640px\" \/><\/p>\n<p>&nbsp;<\/p>\n<p data-path-to-node=\"6\"><strong data-path-to-node=\"6\" data-index-in-node=\"0\">Servi\u00e7o:<\/strong><\/p>\n<p>&nbsp;<\/p>\n<p data-path-to-node=\"7,0,0\"><strong data-path-to-node=\"7,0,0\" data-index-in-node=\"0\">Data:<\/strong> 13 de setembro<\/p>\n<p data-path-to-node=\"7,1,0\"><strong data-path-to-node=\"7,1,0\" data-index-in-node=\"0\">Hor\u00e1rio:<\/strong> A partir das 18h30<\/p>\n<p data-path-to-node=\"7,2,0\"><strong data-path-to-node=\"7,2,0\" data-index-in-node=\"0\">Local:<\/strong> Audit\u00f3rio Externo do Parque Ibirapuera \u2013 S\u00e3o Paulo (SP)<\/p>\n<p><strong data-path-to-node=\"7,3,0\" data-index-in-node=\"0\">Entrada:<\/strong> Gratuita<\/p>\n<p>&nbsp;<\/p>\n<p>&nbsp;<\/p>\n<p><em>(Cr\u00e9dito @raphagarcia)<\/em><\/p>\n","protected":false},"excerpt":{"rendered":"<p>No dia 13 de setembro, a partir das 18h30, o Audit\u00f3rio Externo do Parque Ibirapuera recebe o concerto gratuito de [&hellip;]<\/p>\n","protected":false},"author":1,"featured_media":59125,"comment_status":"closed","ping_status":"closed","sticky":false,"template":"","format":"standard","meta":{"footnotes":""},"categories":[5],"tags":[],"class_list":["post-59123","post","type-post","status-publish","format-standard","has-post-thumbnail","hentry","category-coluna"],"_links":{"self":[{"href":"https:\/\/gilfuentes.com.br\/novo\/wp-json\/wp\/v2\/posts\/59123","targetHints":{"allow":["GET"]}}],"collection":[{"href":"https:\/\/gilfuentes.com.br\/novo\/wp-json\/wp\/v2\/posts"}],"about":[{"href":"https:\/\/gilfuentes.com.br\/novo\/wp-json\/wp\/v2\/types\/post"}],"author":[{"embeddable":true,"href":"https:\/\/gilfuentes.com.br\/novo\/wp-json\/wp\/v2\/users\/1"}],"replies":[{"embeddable":true,"href":"https:\/\/gilfuentes.com.br\/novo\/wp-json\/wp\/v2\/comments?post=59123"}],"version-history":[{"count":1,"href":"https:\/\/gilfuentes.com.br\/novo\/wp-json\/wp\/v2\/posts\/59123\/revisions"}],"predecessor-version":[{"id":59126,"href":"https:\/\/gilfuentes.com.br\/novo\/wp-json\/wp\/v2\/posts\/59123\/revisions\/59126"}],"wp:featuredmedia":[{"embeddable":true,"href":"https:\/\/gilfuentes.com.br\/novo\/wp-json\/wp\/v2\/media\/59125"}],"wp:attachment":[{"href":"https:\/\/gilfuentes.com.br\/novo\/wp-json\/wp\/v2\/media?parent=59123"}],"wp:term":[{"taxonomy":"category","embeddable":true,"href":"https:\/\/gilfuentes.com.br\/novo\/wp-json\/wp\/v2\/categories?post=59123"},{"taxonomy":"post_tag","embeddable":true,"href":"https:\/\/gilfuentes.com.br\/novo\/wp-json\/wp\/v2\/tags?post=59123"}],"curies":[{"name":"wp","href":"https:\/\/api.w.org\/{rel}","templated":true}]}}