{"id":59131,"date":"2026-09-01T15:28:15","date_gmt":"2026-09-01T18:28:15","guid":{"rendered":"https:\/\/gilfuentes.com.br\/novo\/?p=59131"},"modified":"2026-09-01T15:28:15","modified_gmt":"2026-09-01T18:28:15","slug":"bienal-sp-oficina-sustentavel-estimula-criatividade-infantil","status":"publish","type":"post","link":"https:\/\/gilfuentes.com.br\/novo\/bienal-sp-oficina-sustentavel-estimula-criatividade-infantil","title":{"rendered":"Bienal SP: oficina sustent\u00e1vel estimula criatividade infantil."},"content":{"rendered":"<p>No s\u00e1bado, 5 de setembro, \u00e0s 17h, o Espa\u00e7o Infantil da 28\u00aa Bienal Internacional do Livro de S\u00e3o Paulo sedia um encontro interativo baseado na obra <i data-path-to-node=\"2\" data-index-in-node=\"147\">O pequeno mundo criativo<\/i> (Cortez Editora). A atividade re\u00fane a educadora e escritora Silmara Casadei e o ilustrador Ricardo Girotto, conhecido por suas cria\u00e7\u00f5es em <i data-path-to-node=\"2\" data-index-in-node=\"311\">Castelo R\u00e1-Tim-Bum<\/i>.<\/p>\n<p>&nbsp;<\/p>\n<p data-path-to-node=\"3\">A proposta combina conta\u00e7\u00e3o de hist\u00f3rias e oficina pr\u00e1tica com materiais recicl\u00e1veis, convidando as crian\u00e7as a explorar o fazer manual como contraponto ao excesso de telas. A din\u00e2mica segue seis eixos centrais: respeitar, repensar, reutilizar, reciclar, reduzir e plantar, estimulando autonomia, consci\u00eancia ambiental e imagina\u00e7\u00e3o.<\/p>\n<p>&nbsp;<\/p>\n<p>&nbsp;<\/p>\n<p data-path-to-node=\"4\"><b data-path-to-node=\"4\" data-index-in-node=\"0\">Servi\u00e7o:<\/b><\/p>\n<p>&nbsp;<\/p>\n<p style=\"margin-left: 18.0pt;\" data-path-to-node=\"5,0,0\"><b data-path-to-node=\"5,0,0\" data-index-in-node=\"0\">Atividade:<\/b> Conta\u00e7\u00e3o de hist\u00f3rias e oficina <i data-path-to-node=\"5,0,0\" data-index-in-node=\"43\">O pequeno mundo criativo<\/i><\/p>\n<p style=\"margin-left: 18.0pt;\" data-path-to-node=\"5,1,0\"><b data-path-to-node=\"5,1,0\" data-index-in-node=\"0\">Com:<\/b> Silmara Casadei e Ricardo Girotto<\/p>\n<p style=\"margin-left: 18.0pt;\" data-path-to-node=\"5,2,0\"><b data-path-to-node=\"5,2,0\" data-index-in-node=\"0\">Data e hor\u00e1rio:<\/b> 5 de setembro (s\u00e1bado), \u00e0s 17h<\/p>\n<p style=\"margin-left: 18.0pt;\" data-path-to-node=\"5,3,0\"><b data-path-to-node=\"5,3,0\" data-index-in-node=\"0\">Local:<\/b> Espa\u00e7o Infantil \u2013 Distrito Anhembi (Av. Olavo Fontoura, 1209 \u2013 Santana, S\u00e3o Paulo\/SP)<\/p>\n<p style=\"margin-left: 18.0pt;\" data-path-to-node=\"5,4,0\"><b data-path-to-node=\"5,4,0\" data-index-in-node=\"0\">Livro:<\/b> Dispon\u00edvel no estande da Cortez Editora (Rua G26)<\/p>\n","protected":false},"excerpt":{"rendered":"<p>No s\u00e1bado, 5 de setembro, \u00e0s 17h, o Espa\u00e7o Infantil da 28\u00aa Bienal Internacional do Livro de S\u00e3o Paulo sedia [&hellip;]<\/p>\n","protected":false},"author":1,"featured_media":59132,"comment_status":"closed","ping_status":"closed","sticky":false,"template":"","format":"standard","meta":{"footnotes":""},"categories":[5],"tags":[],"class_list":["post-59131","post","type-post","status-publish","format-standard","has-post-thumbnail","hentry","category-coluna"],"_links":{"self":[{"href":"https:\/\/gilfuentes.com.br\/novo\/wp-json\/wp\/v2\/posts\/59131","targetHints":{"allow":["GET"]}}],"collection":[{"href":"https:\/\/gilfuentes.com.br\/novo\/wp-json\/wp\/v2\/posts"}],"about":[{"href":"https:\/\/gilfuentes.com.br\/novo\/wp-json\/wp\/v2\/types\/post"}],"author":[{"embeddable":true,"href":"https:\/\/gilfuentes.com.br\/novo\/wp-json\/wp\/v2\/users\/1"}],"replies":[{"embeddable":true,"href":"https:\/\/gilfuentes.com.br\/novo\/wp-json\/wp\/v2\/comments?post=59131"}],"version-history":[{"count":1,"href":"https:\/\/gilfuentes.com.br\/novo\/wp-json\/wp\/v2\/posts\/59131\/revisions"}],"predecessor-version":[{"id":59133,"href":"https:\/\/gilfuentes.com.br\/novo\/wp-json\/wp\/v2\/posts\/59131\/revisions\/59133"}],"wp:featuredmedia":[{"embeddable":true,"href":"https:\/\/gilfuentes.com.br\/novo\/wp-json\/wp\/v2\/media\/59132"}],"wp:attachment":[{"href":"https:\/\/gilfuentes.com.br\/novo\/wp-json\/wp\/v2\/media?parent=59131"}],"wp:term":[{"taxonomy":"category","embeddable":true,"href":"https:\/\/gilfuentes.com.br\/novo\/wp-json\/wp\/v2\/categories?post=59131"},{"taxonomy":"post_tag","embeddable":true,"href":"https:\/\/gilfuentes.com.br\/novo\/wp-json\/wp\/v2\/tags?post=59131"}],"curies":[{"name":"wp","href":"https:\/\/api.w.org\/{rel}","templated":true}]}}