{"id":59134,"date":"2026-09-02T08:30:04","date_gmt":"2026-09-02T11:30:04","guid":{"rendered":"https:\/\/gilfuentes.com.br\/novo\/?p=59134"},"modified":"2026-09-02T09:46:38","modified_gmt":"2026-09-02T12:46:38","slug":"barretos-luan-pereira-faz-grande-retorno-no-palco-amanhecer","status":"publish","type":"post","link":"https:\/\/gilfuentes.com.br\/novo\/barretos-luan-pereira-faz-grande-retorno-no-palco-amanhecer","title":{"rendered":"Barretos: Luan Pereira faz grande retorno no Palco Amanhecer."},"content":{"rendered":"<p>Luan Pereira comandou uma das noites mais movimentadas da 71\u00aa Festa do Pe\u00e3o de Barretos neste s\u00e1bado (29), com uma apresenta\u00e7\u00e3o en\u00e9rgica no Palco Amanhecer. Apostando na fus\u00e3o entre sertanejo e agronejo, o cantor empolgou a multid\u00e3o com sucessos como &#8220;Ela Pirou na Dodge Ram&#8221;, &#8220;Senta pro Country&#8221;, &#8220;Moletom&#8221; \u2014 que contou com a presen\u00e7a no palco de sua noiva, Victoria Miranda \u2014 e a recente &#8220;HILLUX X DODGE RAM&#8221;, gravada com DJ Kayo e que virou tend\u00eancia com milhares de v\u00eddeos nas redes sociais. Para a ocasi\u00e3o, o artista vestiu um figurino de R$ 45 mil assinado pelo stylist Jhow Frias, inspirado em trajes de toureiros e repleto de simbologias de supera\u00e7\u00e3o.<\/p>\n<p>&nbsp;<\/p>\n<p><img loading=\"lazy\" decoding=\"async\" class=\"alignnone wp-image-59135\" src=\"https:\/\/gilfuentes.com.br\/novo\/wp-content\/uploads\/2026\/09\/COLUNA-4.jpg\" alt=\"\" width=\"635\" height=\"441\" srcset=\"https:\/\/gilfuentes.com.br\/novo\/wp-content\/uploads\/2026\/09\/COLUNA-4.jpg 734w, https:\/\/gilfuentes.com.br\/novo\/wp-content\/uploads\/2026\/09\/COLUNA-4-360x250.jpg 360w\" sizes=\"auto, (max-width: 635px) 100vw, 635px\" \/><\/p>\n<p>&nbsp;<\/p>\n<p>O espet\u00e1culo tamb\u00e9m abriu espa\u00e7o para a dupla Jennifer &amp; Stephany, contratada da LP Produ\u00e7\u00f5es \u2014 empresa gerenciada por Luan para impulsionar novos artistas \u2014, que apresentou as m\u00fasicas &#8220;Os Rodeio Voltou&#8221; e &#8220;T\u00f4 na Moda&#8221;. A apresenta\u00e7\u00e3o coroou uma semana intensa de compromissos do artista na cidade, que incluiu participa\u00e7\u00f5es nos shows de Jeninho e Edson &amp; Hudson, a grava\u00e7\u00e3o do projeto audiovisual &#8220;Deu B\u00e3o em Barretos&#8221; na Casa da LP, uma visita solid\u00e1ria \u00e0s crian\u00e7as do Hospital de Amor e a presen\u00e7a no evento &#8220;S\u00f3 Barui&#8221;, consolidando a for\u00e7a de Luan nos palcos e nos bastidores do mercado musical.<\/p>\n","protected":false},"excerpt":{"rendered":"<p>Luan Pereira comandou uma das noites mais movimentadas da 71\u00aa Festa do Pe\u00e3o de Barretos neste s\u00e1bado (29), com uma [&hellip;]<\/p>\n","protected":false},"author":1,"featured_media":59135,"comment_status":"closed","ping_status":"closed","sticky":false,"template":"","format":"standard","meta":{"footnotes":""},"categories":[5],"tags":[],"class_list":["post-59134","post","type-post","status-publish","format-standard","has-post-thumbnail","hentry","category-coluna"],"_links":{"self":[{"href":"https:\/\/gilfuentes.com.br\/novo\/wp-json\/wp\/v2\/posts\/59134","targetHints":{"allow":["GET"]}}],"collection":[{"href":"https:\/\/gilfuentes.com.br\/novo\/wp-json\/wp\/v2\/posts"}],"about":[{"href":"https:\/\/gilfuentes.com.br\/novo\/wp-json\/wp\/v2\/types\/post"}],"author":[{"embeddable":true,"href":"https:\/\/gilfuentes.com.br\/novo\/wp-json\/wp\/v2\/users\/1"}],"replies":[{"embeddable":true,"href":"https:\/\/gilfuentes.com.br\/novo\/wp-json\/wp\/v2\/comments?post=59134"}],"version-history":[{"count":1,"href":"https:\/\/gilfuentes.com.br\/novo\/wp-json\/wp\/v2\/posts\/59134\/revisions"}],"predecessor-version":[{"id":59136,"href":"https:\/\/gilfuentes.com.br\/novo\/wp-json\/wp\/v2\/posts\/59134\/revisions\/59136"}],"wp:featuredmedia":[{"embeddable":true,"href":"https:\/\/gilfuentes.com.br\/novo\/wp-json\/wp\/v2\/media\/59135"}],"wp:attachment":[{"href":"https:\/\/gilfuentes.com.br\/novo\/wp-json\/wp\/v2\/media?parent=59134"}],"wp:term":[{"taxonomy":"category","embeddable":true,"href":"https:\/\/gilfuentes.com.br\/novo\/wp-json\/wp\/v2\/categories?post=59134"},{"taxonomy":"post_tag","embeddable":true,"href":"https:\/\/gilfuentes.com.br\/novo\/wp-json\/wp\/v2\/tags?post=59134"}],"curies":[{"name":"wp","href":"https:\/\/api.w.org\/{rel}","templated":true}]}}