{"id":59137,"date":"2026-09-02T13:30:17","date_gmt":"2026-09-02T16:30:17","guid":{"rendered":"https:\/\/gilfuentes.com.br\/novo\/?p=59137"},"modified":"2026-09-01T15:48:18","modified_gmt":"2026-09-01T18:48:18","slug":"cristina-gomes-lanca-livro-na-28a-bienal-de-sp","status":"publish","type":"post","link":"https:\/\/gilfuentes.com.br\/novo\/cristina-gomes-lanca-livro-na-28a-bienal-de-sp","title":{"rendered":"Cristina Gomes lan\u00e7a livro na 28\u00aa Bienal de SP."},"content":{"rendered":"<p data-path-to-node=\"1\">A jornalista Cristina Gomes lan\u00e7a o livro juvenil <i data-path-to-node=\"1\" data-index-in-node=\"50\">Respeito \u00c9 Bom At\u00e9 Na Vida On-Line<\/i> (Editora Viseu) na 28\u00aa Bienal Internacional do Livro de S\u00e3o Paulo, no Distrito Anhembi. O evento oficial de lan\u00e7amento com sess\u00e3o de aut\u00f3grafos acontece no dia 7 de setembro, das 14h \u00e0s 16h, no espa\u00e7o Travessa Liter\u00e1ria (Rua H, n\u00ba 48). A obra narra a trajet\u00f3ria de Edmar \u2014 conhecido como \u00c9d \u2014, um jovem comum cuja rotina muda drasticamente ao se tornar alvo de intimida\u00e7\u00f5es presenciais e virtuais.<\/p>\n<p>&nbsp;<\/p>\n<p>&nbsp;<\/p>\n<p data-path-to-node=\"2\">Com mais de 100 p\u00e1ginas, a narrativa ficcional aborda os impactos emocionais e sociais do bullying e do cyberbullying, trazendo o debate para a era da hiperconex\u00e3o e das redes sociais. O lan\u00e7amento dialoga diretamente com o cen\u00e1rio legal atual do pa\u00eds, marcado pela san\u00e7\u00e3o da Lei 14.811\/2024, que incluiu a intimida\u00e7\u00e3o sistem\u00e1tica no C\u00f3digo Penal brasileiro. A publica\u00e7\u00e3o, que abre uma agenda de eventos voltados \u00e0 forma\u00e7\u00e3o de jovens leitores, j\u00e1 est\u00e1 \u00e0 venda nos principais canais e livrarias digitais pelo pre\u00e7o sugerido de R$ 42,90. (Fotos: Isabela Oliveira)<\/p>\n","protected":false},"excerpt":{"rendered":"<p>A jornalista Cristina Gomes lan\u00e7a o livro juvenil Respeito \u00c9 Bom At\u00e9 Na Vida On-Line (Editora Viseu) na 28\u00aa Bienal [&hellip;]<\/p>\n","protected":false},"author":1,"featured_media":59138,"comment_status":"closed","ping_status":"closed","sticky":false,"template":"","format":"standard","meta":{"footnotes":""},"categories":[5],"tags":[],"class_list":["post-59137","post","type-post","status-publish","format-standard","has-post-thumbnail","hentry","category-coluna"],"_links":{"self":[{"href":"https:\/\/gilfuentes.com.br\/novo\/wp-json\/wp\/v2\/posts\/59137","targetHints":{"allow":["GET"]}}],"collection":[{"href":"https:\/\/gilfuentes.com.br\/novo\/wp-json\/wp\/v2\/posts"}],"about":[{"href":"https:\/\/gilfuentes.com.br\/novo\/wp-json\/wp\/v2\/types\/post"}],"author":[{"embeddable":true,"href":"https:\/\/gilfuentes.com.br\/novo\/wp-json\/wp\/v2\/users\/1"}],"replies":[{"embeddable":true,"href":"https:\/\/gilfuentes.com.br\/novo\/wp-json\/wp\/v2\/comments?post=59137"}],"version-history":[{"count":4,"href":"https:\/\/gilfuentes.com.br\/novo\/wp-json\/wp\/v2\/posts\/59137\/revisions"}],"predecessor-version":[{"id":59142,"href":"https:\/\/gilfuentes.com.br\/novo\/wp-json\/wp\/v2\/posts\/59137\/revisions\/59142"}],"wp:featuredmedia":[{"embeddable":true,"href":"https:\/\/gilfuentes.com.br\/novo\/wp-json\/wp\/v2\/media\/59138"}],"wp:attachment":[{"href":"https:\/\/gilfuentes.com.br\/novo\/wp-json\/wp\/v2\/media?parent=59137"}],"wp:term":[{"taxonomy":"category","embeddable":true,"href":"https:\/\/gilfuentes.com.br\/novo\/wp-json\/wp\/v2\/categories?post=59137"},{"taxonomy":"post_tag","embeddable":true,"href":"https:\/\/gilfuentes.com.br\/novo\/wp-json\/wp\/v2\/tags?post=59137"}],"curies":[{"name":"wp","href":"https:\/\/api.w.org\/{rel}","templated":true}]}}