{"id":5938,"date":"2013-04-09T18:43:34","date_gmt":"2013-04-09T18:43:34","guid":{"rendered":"https:\/\/gilfuentes.com.br\/novo\/?p=5938"},"modified":"2013-04-09T18:44:18","modified_gmt":"2013-04-09T18:44:18","slug":"cantoras-sao-homenageadas-pela-revista-elle","status":"publish","type":"post","link":"https:\/\/gilfuentes.com.br\/novo\/cantoras-sao-homenageadas-pela-revista-elle","title":{"rendered":"Cantoras s\u00e3o homenageadas pela revista Elle"},"content":{"rendered":"<p>Todo ano a\u00a0Elle\u00a0americana produz uma edi\u00e7\u00e3o especial dedicada para as mulheres que fazem sucesso na m\u00fasica e em 2013 quem encabe\u00e7a a lista \u00e9 Adele. A brit\u00e2nica mostra seu tradicional look vintage para a capa da publica\u00e7\u00e3o e \u00e9 nomeada n\u00e3o s\u00f3 como a voz de sua gera\u00e7\u00e3o como, tamb\u00e9m, o \u00edcone de estilo dela. Al\u00e9m de Adele, Rita Ora\u00a0e Alicia Keys\u00a0tamb\u00e9m s\u00e3o destaques da revista, mostrando n\u00e3o s\u00f3 o sucesso no mercado fonogr\u00e1fico com tamb\u00e9m na moda.<\/p>\n<p>&nbsp;<\/p>\n<p>Veja:<\/p>\n<p>&nbsp;<\/p>\n<p><a href=\"https:\/\/gilfuentes.com.br\/novo\/wp-content\/uploads\/2013\/04\/elle-02-may-behind-the-cover-women-in-music-0512-xln-xln.jpg\"><img loading=\"lazy\" decoding=\"async\" class=\"alignnone  wp-image-5940\" title=\"Rita Ora\" src=\"https:\/\/gilfuentes.com.br\/novo\/wp-content\/uploads\/2013\/04\/elle-02-may-behind-the-cover-women-in-music-0512-xln-xln-682x1024.jpg\" alt=\"\" width=\"546\" height=\"819\" srcset=\"https:\/\/gilfuentes.com.br\/novo\/wp-content\/uploads\/2013\/04\/elle-02-may-behind-the-cover-women-in-music-0512-xln-xln-682x1024.jpg 682w, https:\/\/gilfuentes.com.br\/novo\/wp-content\/uploads\/2013\/04\/elle-02-may-behind-the-cover-women-in-music-0512-xln-xln-166x250.jpg 166w, https:\/\/gilfuentes.com.br\/novo\/wp-content\/uploads\/2013\/04\/elle-02-may-behind-the-cover-women-in-music-0512-xln-xln.jpg 1000w\" sizes=\"auto, (max-width: 546px) 100vw, 546px\" \/><\/a><\/p>\n<p>Rita Ora<\/p>\n<p>&nbsp;<\/p>\n<p><a href=\"https:\/\/gilfuentes.com.br\/novo\/wp-content\/uploads\/2013\/04\/elle-may-cover-story-women-in-music-adele-0512-xln-extra_large_new.jpg\"><img loading=\"lazy\" decoding=\"async\" class=\"alignnone  wp-image-5942\" title=\"Adele\" src=\"https:\/\/gilfuentes.com.br\/novo\/wp-content\/uploads\/2013\/04\/elle-may-cover-story-women-in-music-adele-0512-xln-extra_large_new-682x1024.jpg\" alt=\"\" width=\"546\" height=\"819\" srcset=\"https:\/\/gilfuentes.com.br\/novo\/wp-content\/uploads\/2013\/04\/elle-may-cover-story-women-in-music-adele-0512-xln-extra_large_new-682x1024.jpg 682w, https:\/\/gilfuentes.com.br\/novo\/wp-content\/uploads\/2013\/04\/elle-may-cover-story-women-in-music-adele-0512-xln-extra_large_new-166x250.jpg 166w, https:\/\/gilfuentes.com.br\/novo\/wp-content\/uploads\/2013\/04\/elle-may-cover-story-women-in-music-adele-0512-xln-extra_large_new.jpg 1000w\" sizes=\"auto, (max-width: 546px) 100vw, 546px\" \/><\/a><\/p>\n<p>Adele<\/p>\n<p>&nbsp;<\/p>\n<p><a href=\"https:\/\/gilfuentes.com.br\/novo\/wp-content\/uploads\/2013\/04\/elle-03-may-behind-the-cover-women-in-music-0512-xln-xln.jpg\"><img loading=\"lazy\" decoding=\"async\" class=\"alignnone  wp-image-5941\" title=\"Alicia Keys\" src=\"https:\/\/gilfuentes.com.br\/novo\/wp-content\/uploads\/2013\/04\/elle-03-may-behind-the-cover-women-in-music-0512-xln-xln-682x1024.jpg\" alt=\"\" width=\"546\" height=\"819\" srcset=\"https:\/\/gilfuentes.com.br\/novo\/wp-content\/uploads\/2013\/04\/elle-03-may-behind-the-cover-women-in-music-0512-xln-xln-682x1024.jpg 682w, https:\/\/gilfuentes.com.br\/novo\/wp-content\/uploads\/2013\/04\/elle-03-may-behind-the-cover-women-in-music-0512-xln-xln-166x250.jpg 166w, https:\/\/gilfuentes.com.br\/novo\/wp-content\/uploads\/2013\/04\/elle-03-may-behind-the-cover-women-in-music-0512-xln-xln.jpg 1000w\" sizes=\"auto, (max-width: 546px) 100vw, 546px\" \/><\/a><\/p>\n<p>Alicia Keys<\/p>\n<p>&nbsp;<\/p>\n<p>&nbsp;<\/p>\n<p>Fotos: Divulga\u00e7\u00e3o.<\/p>\n","protected":false},"excerpt":{"rendered":"<p>Todo ano a\u00a0Elle\u00a0americana produz uma edi\u00e7\u00e3o especial dedicada para as mulheres que fazem sucesso na m\u00fasica e em 2013 quem [&hellip;]<\/p>\n","protected":false},"author":1,"featured_media":5943,"comment_status":"closed","ping_status":"closed","sticky":false,"template":"","format":"standard","meta":{"footnotes":""},"categories":[5],"tags":[595],"class_list":["post-5938","post","type-post","status-publish","format-standard","has-post-thumbnail","hentry","category-coluna","tag-moda"],"_links":{"self":[{"href":"https:\/\/gilfuentes.com.br\/novo\/wp-json\/wp\/v2\/posts\/5938","targetHints":{"allow":["GET"]}}],"collection":[{"href":"https:\/\/gilfuentes.com.br\/novo\/wp-json\/wp\/v2\/posts"}],"about":[{"href":"https:\/\/gilfuentes.com.br\/novo\/wp-json\/wp\/v2\/types\/post"}],"author":[{"embeddable":true,"href":"https:\/\/gilfuentes.com.br\/novo\/wp-json\/wp\/v2\/users\/1"}],"replies":[{"embeddable":true,"href":"https:\/\/gilfuentes.com.br\/novo\/wp-json\/wp\/v2\/comments?post=5938"}],"version-history":[{"count":4,"href":"https:\/\/gilfuentes.com.br\/novo\/wp-json\/wp\/v2\/posts\/5938\/revisions"}],"predecessor-version":[{"id":5946,"href":"https:\/\/gilfuentes.com.br\/novo\/wp-json\/wp\/v2\/posts\/5938\/revisions\/5946"}],"wp:featuredmedia":[{"embeddable":true,"href":"https:\/\/gilfuentes.com.br\/novo\/wp-json\/wp\/v2\/media\/5943"}],"wp:attachment":[{"href":"https:\/\/gilfuentes.com.br\/novo\/wp-json\/wp\/v2\/media?parent=5938"}],"wp:term":[{"taxonomy":"category","embeddable":true,"href":"https:\/\/gilfuentes.com.br\/novo\/wp-json\/wp\/v2\/categories?post=5938"},{"taxonomy":"post_tag","embeddable":true,"href":"https:\/\/gilfuentes.com.br\/novo\/wp-json\/wp\/v2\/tags?post=5938"}],"curies":[{"name":"wp","href":"https:\/\/api.w.org\/{rel}","templated":true}]}}