{"id":63,"date":"2012-06-29T13:11:34","date_gmt":"2012-06-29T13:11:34","guid":{"rendered":"https:\/\/gilfuentes.com.br\/novo\/?p=63"},"modified":"2012-06-29T13:11:34","modified_gmt":"2012-06-29T13:11:34","slug":"abpmarketing","status":"publish","type":"post","link":"https:\/\/gilfuentes.com.br\/novo\/abpmarketing","title":{"rendered":"ABPMarketing"},"content":{"rendered":"<div>A Associa\u00e7\u00e3o Brasileira dos Profissionais de Marketing \u2013 ABPMarketing far\u00e1 o lan\u00e7amento oficial da entidade \u2013 radicada em Suzano \u2013 na pr\u00f3xima quinta-feira, dia 21, \u00e0s 19 horas, na Avenida Paulista, n\u00ba 1439, 6\u00ba andar, em S\u00e3o Paulo. Na ocasi\u00e3o ser\u00e3o homenageados profissionais de destaque nacional.<\/div>\n","protected":false},"excerpt":{"rendered":"<p>A Associa\u00e7\u00e3o Brasileira dos Profissionais de Marketing \u2013 ABPMarketing far\u00e1 o lan\u00e7amento oficial da entidade \u2013 radicada em Suzano \u2013 [&hellip;]<\/p>\n","protected":false},"author":1,"featured_media":0,"comment_status":"open","ping_status":"open","sticky":false,"template":"","format":"standard","meta":{"footnotes":""},"categories":[7],"tags":[],"class_list":["post-63","post","type-post","status-publish","format-standard","hentry","category-notas"],"_links":{"self":[{"href":"https:\/\/gilfuentes.com.br\/novo\/wp-json\/wp\/v2\/posts\/63","targetHints":{"allow":["GET"]}}],"collection":[{"href":"https:\/\/gilfuentes.com.br\/novo\/wp-json\/wp\/v2\/posts"}],"about":[{"href":"https:\/\/gilfuentes.com.br\/novo\/wp-json\/wp\/v2\/types\/post"}],"author":[{"embeddable":true,"href":"https:\/\/gilfuentes.com.br\/novo\/wp-json\/wp\/v2\/users\/1"}],"replies":[{"embeddable":true,"href":"https:\/\/gilfuentes.com.br\/novo\/wp-json\/wp\/v2\/comments?post=63"}],"version-history":[{"count":1,"href":"https:\/\/gilfuentes.com.br\/novo\/wp-json\/wp\/v2\/posts\/63\/revisions"}],"predecessor-version":[{"id":64,"href":"https:\/\/gilfuentes.com.br\/novo\/wp-json\/wp\/v2\/posts\/63\/revisions\/64"}],"wp:attachment":[{"href":"https:\/\/gilfuentes.com.br\/novo\/wp-json\/wp\/v2\/media?parent=63"}],"wp:term":[{"taxonomy":"category","embeddable":true,"href":"https:\/\/gilfuentes.com.br\/novo\/wp-json\/wp\/v2\/categories?post=63"},{"taxonomy":"post_tag","embeddable":true,"href":"https:\/\/gilfuentes.com.br\/novo\/wp-json\/wp\/v2\/tags?post=63"}],"curies":[{"name":"wp","href":"https:\/\/api.w.org\/{rel}","templated":true}]}}