{"id":6859,"date":"2013-05-15T14:08:53","date_gmt":"2013-05-15T14:08:53","guid":{"rendered":"https:\/\/gilfuentes.com.br\/novo\/?p=6859"},"modified":"2013-05-15T14:08:53","modified_gmt":"2013-05-15T14:08:53","slug":"virada-cultural-de-sao-paulo-promete-grandes-novidades","status":"publish","type":"post","link":"https:\/\/gilfuentes.com.br\/novo\/virada-cultural-de-sao-paulo-promete-grandes-novidades","title":{"rendered":"Virada Cultural de S\u00e3o Paulo promete grandes novidades"},"content":{"rendered":"<p>Todo ano S\u00e3o Paulo recebe a Virada Cultural, que em 24h\u00a0re\u00fane\u00a0atra\u00e7\u00f5es de m\u00fasica, teatro, gastronomia, dan\u00e7a e outras formas de arte em v\u00e1rios pontos diferentes da cidade. Em 2013, a virada vai acontecer nos dias 18 e 19 de maio e promete grandes novidades, como um novo aplicativo para o celular. Sim, a\u00a0tecnologia tamb\u00e9m est\u00e1 a servi\u00e7o do p\u00fablico da Virada Cultural de S\u00e3o Paulo. Isso porque os participantes do evento j\u00e1 podem baixar um aplicativo, desenvolvido com o apoio da Google, para ter acesso, dentre outras coisas, a programa\u00e7\u00e3o do evento e a localiza\u00e7\u00e3o dos shows.<\/p>\n<p>&nbsp;<\/p>\n<p>Outra dica bacana, \u00e9\u00a0o \u201cChefs na Rua\u201d que acontece no domingo (19), das 8h \u00e0s 20h, na pista esquerda da Avenida S\u00e3o Lu\u00eds. No total, ser\u00e3o 30 barracas com pratos que variam de R$ 5 a R$ 15.<\/p>\n<p>&nbsp;<\/p>\n<p>Al\u00e9m os shows incr\u00edveis de nomes como Wnaderlea\u00a0no Theatro Municipal de S\u00e3o Paulo e Gaby Amarantos que subir\u00e1 ao palco Julio Prestes ao lado de Elza Soares.<\/p>\n<p>&nbsp;<\/p>\n<p>Confira a programa\u00e7\u00e3o completa no link\u00a0<a href=\"http:\/\/viradacultural.prefeitura.sp.gov.br\/programacao\">http:\/\/viradacultural.prefeitura.sp.gov.br\/programacao<\/a><\/p>\n<p>&nbsp;<\/p>\n<p>.<\/p>\n","protected":false},"excerpt":{"rendered":"<p>Todo ano S\u00e3o Paulo recebe a Virada Cultural, que em 24h\u00a0re\u00fane\u00a0atra\u00e7\u00f5es de m\u00fasica, teatro, gastronomia, dan\u00e7a e outras formas de [&hellip;]<\/p>\n","protected":false},"author":1,"featured_media":6860,"comment_status":"closed","ping_status":"closed","sticky":false,"template":"","format":"standard","meta":{"footnotes":""},"categories":[5],"tags":[76,95,58,518],"class_list":["post-6859","post","type-post","status-publish","format-standard","has-post-thumbnail","hentry","category-coluna","tag-cultura","tag-sao-paulo","tag-show","tag-virada-cultural"],"_links":{"self":[{"href":"https:\/\/gilfuentes.com.br\/novo\/wp-json\/wp\/v2\/posts\/6859","targetHints":{"allow":["GET"]}}],"collection":[{"href":"https:\/\/gilfuentes.com.br\/novo\/wp-json\/wp\/v2\/posts"}],"about":[{"href":"https:\/\/gilfuentes.com.br\/novo\/wp-json\/wp\/v2\/types\/post"}],"author":[{"embeddable":true,"href":"https:\/\/gilfuentes.com.br\/novo\/wp-json\/wp\/v2\/users\/1"}],"replies":[{"embeddable":true,"href":"https:\/\/gilfuentes.com.br\/novo\/wp-json\/wp\/v2\/comments?post=6859"}],"version-history":[{"count":2,"href":"https:\/\/gilfuentes.com.br\/novo\/wp-json\/wp\/v2\/posts\/6859\/revisions"}],"predecessor-version":[{"id":6862,"href":"https:\/\/gilfuentes.com.br\/novo\/wp-json\/wp\/v2\/posts\/6859\/revisions\/6862"}],"wp:featuredmedia":[{"embeddable":true,"href":"https:\/\/gilfuentes.com.br\/novo\/wp-json\/wp\/v2\/media\/6860"}],"wp:attachment":[{"href":"https:\/\/gilfuentes.com.br\/novo\/wp-json\/wp\/v2\/media?parent=6859"}],"wp:term":[{"taxonomy":"category","embeddable":true,"href":"https:\/\/gilfuentes.com.br\/novo\/wp-json\/wp\/v2\/categories?post=6859"},{"taxonomy":"post_tag","embeddable":true,"href":"https:\/\/gilfuentes.com.br\/novo\/wp-json\/wp\/v2\/tags?post=6859"}],"curies":[{"name":"wp","href":"https:\/\/api.w.org\/{rel}","templated":true}]}}