{"id":6978,"date":"2013-05-20T17:33:12","date_gmt":"2013-05-20T17:33:12","guid":{"rendered":"https:\/\/gilfuentes.com.br\/novo\/?p=6978"},"modified":"2013-05-20T17:33:12","modified_gmt":"2013-05-20T17:33:12","slug":"festival-de-cannes-2013-recebe-famosos-e-apresenta-lancamentos-para-o-cinema","status":"publish","type":"post","link":"https:\/\/gilfuentes.com.br\/novo\/festival-de-cannes-2013-recebe-famosos-e-apresenta-lancamentos-para-o-cinema","title":{"rendered":"Festival de Cannes 2013 recebe famosos e apresenta lan\u00e7amentos para o cinema"},"content":{"rendered":"<p>Considerado uma das principais vitrines do cinema independente mundial, o Festival de Cannes deste ano faz um aceno bastante entusiasmado a Hollywood. O evento, que acontece de 15 a 26 de maio, ter\u00e1 forte presen\u00e7a de cineastas norte-americanos, filmes de grandes est\u00fadios na programa\u00e7\u00e3o e um dos maiores nomes da ind\u00fastria cinematogr\u00e1fica como presidente do j\u00fari: Steven Spielberg.\u00a0Nicole Kidman, foi uma das juradas do festival esse ano. Al\u00e9m dela, est\u00e3o tamb\u00e9m na bancada os diretores Ang Lee, o ator Christoph Waltz e muitos outros.<\/p>\n<p>&nbsp;<\/p>\n<p>Estrelas como Ryan Gosling, Michael Douglas e Matt Damon marcaram presen\u00e7a no tapete vermelho, assim como no p\u00f4ster oficial do festival , que mostra Paul Newman e Joanne Woodward, e na homenagem \u00e0 atriz Kim Novak , c\u00e9lebre por filmes de Alfred Hitchcock.<\/p>\n<p>&nbsp;<\/p>\n<p>Outro forte sinal da liga\u00e7\u00e3o entre Cannes e Hollywood est\u00e1 no filme de abertura, &#8220;O Grande Gatsby&#8221; , superprodu\u00e7\u00e3o de Baz Lurhmann estimada em US$ 127 milh\u00f5es (R$ 257 milh\u00f5es). O longa ser\u00e1 exibido em 3D &#8211; algo que s\u00f3 ocorreu uma vez na hist\u00f3ria do festival, quando a anima\u00e7\u00e3o &#8220;Up&#8221; abriu a edi\u00e7\u00e3o de 2009 &#8211; e ser\u00e1 apresentado no evento mesmo depois de ter estreado nos Estados Unidos e Canad\u00e1.<\/p>\n<p>&nbsp;<\/p>\n<p>A forte presen\u00e7a hollywoodiana deste ano reflete a gradual reaproxima\u00e7\u00e3o promovida pelo diretor art\u00edstico Thierry Fremaux desde que assumiu o cargo, em 2001. Nestes 12 anos, cinco norte-americanos foram presidentes do j\u00fari de Cannes: David Lynch, Quentin Tarantino, Sean Penn, Tim Burton e Robert De Niro.<\/p>\n<p>&nbsp;<\/p>\n<p>Veja algumas fotos:<\/p>\n<p>&nbsp;<\/p>\n<p><a href=\"https:\/\/gilfuentes.com.br\/novo\/wp-content\/uploads\/2013\/05\/cannes-2013-21.jpg\"><img loading=\"lazy\" decoding=\"async\" class=\"alignnone  wp-image-6979\" title=\"Cindy Crawford\" src=\"https:\/\/gilfuentes.com.br\/novo\/wp-content\/uploads\/2013\/05\/cannes-2013-21.jpg\" alt=\"\" width=\"480\" height=\"671\" srcset=\"https:\/\/gilfuentes.com.br\/novo\/wp-content\/uploads\/2013\/05\/cannes-2013-21.jpg 600w, https:\/\/gilfuentes.com.br\/novo\/wp-content\/uploads\/2013\/05\/cannes-2013-21-178x250.jpg 178w\" sizes=\"auto, (max-width: 480px) 100vw, 480px\" \/><\/a><\/p>\n<p>Cindy Crawford<\/p>\n<p>&nbsp;<\/p>\n<p><a href=\"https:\/\/gilfuentes.com.br\/novo\/wp-content\/uploads\/2013\/05\/zoe_saldana2.jpg\"><img loading=\"lazy\" decoding=\"async\" class=\"alignnone  wp-image-6986\" title=\"Zoe Saldana\" src=\"https:\/\/gilfuentes.com.br\/novo\/wp-content\/uploads\/2013\/05\/zoe_saldana2.jpg\" alt=\"\" width=\"496\" height=\"744\" srcset=\"https:\/\/gilfuentes.com.br\/novo\/wp-content\/uploads\/2013\/05\/zoe_saldana2.jpg 620w, https:\/\/gilfuentes.com.br\/novo\/wp-content\/uploads\/2013\/05\/zoe_saldana2-166x250.jpg 166w\" sizes=\"auto, (max-width: 496px) 100vw, 496px\" \/><\/a><\/p>\n<p>Zoe Saldana<\/p>\n<p>&nbsp;<\/p>\n<p><a href=\"https:\/\/gilfuentes.com.br\/novo\/wp-content\/uploads\/2013\/05\/Justin-Timberlake.jpg\"><img loading=\"lazy\" decoding=\"async\" class=\"alignnone size-full wp-image-6983\" title=\"Justin Timberlake\" src=\"https:\/\/gilfuentes.com.br\/novo\/wp-content\/uploads\/2013\/05\/Justin-Timberlake.jpg\" alt=\"\" width=\"700\" height=\"500\" srcset=\"https:\/\/gilfuentes.com.br\/novo\/wp-content\/uploads\/2013\/05\/Justin-Timberlake.jpg 700w, https:\/\/gilfuentes.com.br\/novo\/wp-content\/uploads\/2013\/05\/Justin-Timberlake-350x250.jpg 350w\" sizes=\"auto, (max-width: 700px) 100vw, 700px\" \/><\/a><\/p>\n<p>Justin Timberlake<\/p>\n<p>&nbsp;<\/p>\n<p><a href=\"https:\/\/gilfuentes.com.br\/novo\/wp-content\/uploads\/2013\/05\/Jane-Fonda.jpg\"><img loading=\"lazy\" decoding=\"async\" class=\"alignnone size-full wp-image-6981\" title=\"Jane Fonda\" src=\"https:\/\/gilfuentes.com.br\/novo\/wp-content\/uploads\/2013\/05\/Jane-Fonda.jpg\" alt=\"\" width=\"700\" height=\"500\" srcset=\"https:\/\/gilfuentes.com.br\/novo\/wp-content\/uploads\/2013\/05\/Jane-Fonda.jpg 700w, https:\/\/gilfuentes.com.br\/novo\/wp-content\/uploads\/2013\/05\/Jane-Fonda-350x250.jpg 350w\" sizes=\"auto, (max-width: 700px) 100vw, 700px\" \/><\/a><\/p>\n<p>Jane Fonda<\/p>\n<p>&nbsp;<\/p>\n<p><a href=\"https:\/\/gilfuentes.com.br\/novo\/wp-content\/uploads\/2013\/05\/Julianne-Moore.jpg\"><img loading=\"lazy\" decoding=\"async\" class=\"alignnone size-full wp-image-6982\" title=\"Julianne Moore\" src=\"https:\/\/gilfuentes.com.br\/novo\/wp-content\/uploads\/2013\/05\/Julianne-Moore.jpg\" alt=\"\" width=\"700\" height=\"500\" srcset=\"https:\/\/gilfuentes.com.br\/novo\/wp-content\/uploads\/2013\/05\/Julianne-Moore.jpg 700w, https:\/\/gilfuentes.com.br\/novo\/wp-content\/uploads\/2013\/05\/Julianne-Moore-350x250.jpg 350w\" sizes=\"auto, (max-width: 700px) 100vw, 700px\" \/><\/a><\/p>\n<p>Julianne Moore<\/p>\n<p>&nbsp;<\/p>\n<p><a href=\"https:\/\/gilfuentes.com.br\/novo\/wp-content\/uploads\/2013\/05\/Emma-Watson-cannes-film-festival-2013-590x885.jpg\"><img loading=\"lazy\" decoding=\"async\" class=\"alignnone  wp-image-6980\" title=\"Emma Watson\" src=\"https:\/\/gilfuentes.com.br\/novo\/wp-content\/uploads\/2013\/05\/Emma-Watson-cannes-film-festival-2013-590x885.jpg\" alt=\"\" width=\"472\" height=\"708\" srcset=\"https:\/\/gilfuentes.com.br\/novo\/wp-content\/uploads\/2013\/05\/Emma-Watson-cannes-film-festival-2013-590x885.jpg 590w, https:\/\/gilfuentes.com.br\/novo\/wp-content\/uploads\/2013\/05\/Emma-Watson-cannes-film-festival-2013-590x885-166x250.jpg 166w\" sizes=\"auto, (max-width: 472px) 100vw, 472px\" \/><\/a><\/p>\n<p>Emma Watson<\/p>\n<p>&nbsp;<\/p>\n<p>Fotos: Divulga\u00e7\u00e3o<\/p>\n<p>&nbsp;<\/p>\n<p>.<\/p>\n","protected":false},"excerpt":{"rendered":"<p>Considerado uma das principais vitrines do cinema independente mundial, o Festival de Cannes deste ano faz um aceno bastante entusiasmado [&hellip;]<\/p>\n","protected":false},"author":1,"featured_media":6984,"comment_status":"closed","ping_status":"closed","sticky":false,"template":"","format":"standard","meta":{"footnotes":""},"categories":[5],"tags":[520,111,124,521,110],"class_list":["post-6978","post","type-post","status-publish","format-standard","has-post-thumbnail","hentry","category-coluna","tag-cannes","tag-cinema","tag-famosos","tag-festival","tag-filme"],"_links":{"self":[{"href":"https:\/\/gilfuentes.com.br\/novo\/wp-json\/wp\/v2\/posts\/6978","targetHints":{"allow":["GET"]}}],"collection":[{"href":"https:\/\/gilfuentes.com.br\/novo\/wp-json\/wp\/v2\/posts"}],"about":[{"href":"https:\/\/gilfuentes.com.br\/novo\/wp-json\/wp\/v2\/types\/post"}],"author":[{"embeddable":true,"href":"https:\/\/gilfuentes.com.br\/novo\/wp-json\/wp\/v2\/users\/1"}],"replies":[{"embeddable":true,"href":"https:\/\/gilfuentes.com.br\/novo\/wp-json\/wp\/v2\/comments?post=6978"}],"version-history":[{"count":2,"href":"https:\/\/gilfuentes.com.br\/novo\/wp-json\/wp\/v2\/posts\/6978\/revisions"}],"predecessor-version":[{"id":6988,"href":"https:\/\/gilfuentes.com.br\/novo\/wp-json\/wp\/v2\/posts\/6978\/revisions\/6988"}],"wp:featuredmedia":[{"embeddable":true,"href":"https:\/\/gilfuentes.com.br\/novo\/wp-json\/wp\/v2\/media\/6984"}],"wp:attachment":[{"href":"https:\/\/gilfuentes.com.br\/novo\/wp-json\/wp\/v2\/media?parent=6978"}],"wp:term":[{"taxonomy":"category","embeddable":true,"href":"https:\/\/gilfuentes.com.br\/novo\/wp-json\/wp\/v2\/categories?post=6978"},{"taxonomy":"post_tag","embeddable":true,"href":"https:\/\/gilfuentes.com.br\/novo\/wp-json\/wp\/v2\/tags?post=6978"}],"curies":[{"name":"wp","href":"https:\/\/api.w.org\/{rel}","templated":true}]}}