{"id":8111,"date":"2013-07-08T14:33:30","date_gmt":"2013-07-08T14:33:30","guid":{"rendered":"https:\/\/gilfuentes.com.br\/novo\/?p=8111"},"modified":"2013-07-08T14:34:43","modified_gmt":"2013-07-08T14:34:43","slug":"padre-lazinho-fala-sobre-sua-missao-em-entrevista-exclusiva","status":"publish","type":"post","link":"https:\/\/gilfuentes.com.br\/novo\/padre-lazinho-fala-sobre-sua-missao-em-entrevista-exclusiva","title":{"rendered":"Padre Lazinho fala sobre sua miss\u00e3o em entrevista exclusiva"},"content":{"rendered":"<p style=\"text-align: center;\"><em>L\u00e1zaro Aparecido de Sales, o Padre Lazinho, como \u00e9 mais conhecido &#8211; tomou a decis\u00e3o de se tornar Padre aos 18 anos de idade. Passou por duas Par\u00f3quias, e est\u00e1 h\u00e1 mais de 15 anos na Par\u00f3quia M\u00e3e do Redentor na Vila Amorim, em Suzano. Neste m\u00eas de julho ele completa 25 anos de vida sacerdotal e durante toda semana comemorou com um Tr\u00edduo Vocacional. V\u00ea a vinda do Papa Francisco com bons olhos e acredita que \u00e9 o Brasil precisa de ordem para continuar o seu caminho.<\/em><\/p>\n<p>&nbsp;<\/p>\n<p>&nbsp;<\/p>\n<p><strong>Era seu sonho de crian\u00e7a ser Padre?<\/strong><br \/>\n<strong> Padre L\u00e1zaro Aparecido de Sales<\/strong> &#8211; Sim. Com mais ou menos 11 anos eu j\u00e1 falava que queria ser padre, mas n\u00e3o tinha uma ideia clara sobre a voca\u00e7\u00e3o. A ideia foi clareando e amadurecendo com a participa\u00e7\u00e3o nas missas, no grupo de jovens, nas atividades da igreja e o contato com os padres e o bispo da \u00e9poca que era Dom Em\u00edlio. Somente com 18 anos tomei a decis\u00e3o de ir para o semin\u00e1rio.<\/p>\n<p>&nbsp;<\/p>\n<p>&nbsp;<\/p>\n<p><strong>Tem algu\u00e9m na fam\u00edlia com a mesma voca\u00e7\u00e3o?<\/strong><br \/>\n<strong>Padre Lazinho<\/strong> &#8211; Que eu saiba, n\u00e3o.<\/p>\n<p>&nbsp;<\/p>\n<p>&nbsp;<\/p>\n<p><strong>Por quais par\u00f3quias j\u00e1 passou nestes 25 anos?<\/strong><br \/>\n<strong>Padre Lazinho<\/strong> &#8211; A primeira foi a Par\u00f3quia Santa Cruz, Ponte Grande (Mogi das Cruzes), onde permaneci por cinco anos e meio. A segunda foi a Par\u00f3quia Bom Pastor, Cidade Edson (Suzano). L\u00e1 servi por quatro anos, e por \u00faltimo, a Par\u00f3quia M\u00e3e do Redentor, Vila Amorim, Suzano.<\/p>\n<p>&nbsp;<\/p>\n<p>&nbsp;<\/p>\n<p><strong>Quantos anos j\u00e1 est\u00e1 na Par\u00f3quia M\u00e3e do Redentor?<\/strong><br \/>\n<strong>Padre Lazinho<\/strong> &#8211; H\u00e1 quinze anos e meio.<\/p>\n<p>&nbsp;<\/p>\n<p>&nbsp;<\/p>\n<p><strong>Comemorou 25 anos de vida sacerdotal com sess\u00e3o solene eucar\u00edstica. Como foi ?<\/strong><br \/>\n<strong>Padre Lazinho<\/strong> &#8211; Sim, comemorei com um Tr\u00edduo Vocacional. No dia 3 celebrei 25 anos de Vida Sacerdotal com Santa Missa. No dia 4 o Padre Geraldo (Redentorista) veio celebrar a Missa e falar sobre as voca\u00e7\u00f5es. Dia 5 celebrei a Santa Missa com a presen\u00e7a dos vocacionados da Par\u00f3quia, e por fim no dia 6, completando mais um ano de vida, celebrei uma Missa de A\u00e7\u00e3o de Gra\u00e7as com todos os meus familiares, amigos, o Movimento da M\u00e3e Peregrina e todas as comunidades.<\/p>\n<p>&nbsp;<\/p>\n<p>&nbsp;<\/p>\n<p><img loading=\"lazy\" decoding=\"async\" class=\"alignnone  wp-image-8112\" title=\"Padre Lazinho\" src=\"https:\/\/gilfuentes.com.br\/novo\/wp-content\/uploads\/2013\/07\/Padre-Lazinho-682x1024.jpg\" alt=\"\" width=\"409\" height=\"614\" srcset=\"https:\/\/gilfuentes.com.br\/novo\/wp-content\/uploads\/2013\/07\/Padre-Lazinho-682x1024.jpg 682w, https:\/\/gilfuentes.com.br\/novo\/wp-content\/uploads\/2013\/07\/Padre-Lazinho-166x250.jpg 166w, https:\/\/gilfuentes.com.br\/novo\/wp-content\/uploads\/2013\/07\/Padre-Lazinho.jpg 800w\" sizes=\"auto, (max-width: 409px) 100vw, 409px\" \/><\/p>\n<p>&nbsp;<\/p>\n<p>&nbsp;<\/p>\n<p><strong>Como v\u00ea a vinda do Papa Francisco ao Brasil?<\/strong><br \/>\n<strong>Padre Lazinho<\/strong> &#8211; Vejo com muita expectativa. Estou ansioso para ver e ouvi-lo. Com certeza ser\u00e3o palavras que alimentar\u00e3o a nossa f\u00e9 e atrair\u00e3o\u00a0a nossa juventude a Cristo. Penso que ele vai falar tamb\u00e9m um pouco da situa\u00e7\u00e3o pol\u00edtica e econ\u00f4mica do Brasil.<\/p>\n<p>&nbsp;<\/p>\n<p>&nbsp;<\/p>\n<p><strong>Vai participar de todas as atividades com o Papa Francisco?<\/strong><br \/>\n<strong>Padre Lazinho<\/strong> &#8211; N\u00e3o conseguirei participar de todas, mas irei participar do que for poss\u00edvel. Acompanharei pela m\u00eddia, refletirei e colocarei em pr\u00e1tica no dia a dia, trazendo as mensagens do Santo Padre para as comunidades, a par\u00f3quia, pastorais e movimentos atrav\u00e9s de reuni\u00f5es, encontro e da pr\u00f3pria missa.<\/p>\n<p>&nbsp;<\/p>\n<p><strong>O que falta para o Brasil encontrar o seu caminho no progresso?<\/strong><br \/>\n<strong>Padre Lazinho<\/strong> &#8211; Precisa de ordem. Ordem social, na pol\u00edtica, na sa\u00fade, na educa\u00e7\u00e3o e na seguran\u00e7a. Precisamos e merecemos uma sociedade mais justa, fraterna, humana e igualit\u00e1ria.<\/p>\n<p>&nbsp;<br \/>\n<strong>Como a igreja tem colaborado?<\/strong><br \/>\n<strong>Padre Lazinho<\/strong> &#8211; A igreja tem colaborado evangelizando e conscientizando as pessoas para que todos lutem e tenha vida j\u00e1 aqui na terra rumo ao Reino definitivo. A igreja ajuda a encontrar respostas aos desafios que surgem a cada \u00e9poca. Todas as institui\u00e7\u00f5es s\u00e3o importantes e uma n\u00e3o substitui a outra, por exemplo, a escola n\u00e3o substitui a fam\u00edlia, a igreja n\u00e3o substitui o Estado, a fam\u00edlia n\u00e3o substitui nem a igreja e nem o Estado, etc. Mas todas devem colaborar para que haja mais vida e todos possam viver bem, com dignidade.<\/p>\n<p>&nbsp;<\/p>\n<p><strong>JOGO R\u00c1PIDO<\/strong><\/p>\n<p>&nbsp;<\/p>\n<p><strong>Um lugar<\/strong><br \/>\nO Santu\u00e1rio de Aparecida<\/p>\n<p><strong>Um cheiro<\/strong><br \/>\nCheiro de rosa<\/p>\n<p><strong>Uma cor<\/strong><br \/>\nAzul<\/p>\n<p><strong>Um filme<\/strong><br \/>\nMorte e Vida Severina<\/p>\n<p><strong>Uma m\u00fasica<\/strong><br \/>\nPra n\u00e3o dizer que n\u00e3o falei de flores<\/p>\n<p><strong>Um momento<\/strong><br \/>\nSil\u00eancio<\/p>\n<p><strong>Uma mulher<\/strong><br \/>\nMinha m\u00e3e<\/p>\n<p><strong>Um homem<\/strong><br \/>\nMeu pai<\/p>\n<p><strong>Deus<\/strong><br \/>\nAmor<\/p>\n<p>&nbsp;<\/p>\n<p>Fotos: Eduardo Romano<\/p>\n<p>&nbsp;<\/p>\n<p>.<\/p>\n","protected":false},"excerpt":{"rendered":"<p>L\u00e1zaro Aparecido de Sales, o Padre Lazinho, como \u00e9 mais conhecido &#8211; tomou a decis\u00e3o de se tornar Padre aos [&hellip;]<\/p>\n","protected":false},"author":1,"featured_media":8113,"comment_status":"closed","ping_status":"closed","sticky":false,"template":"","format":"standard","meta":{"footnotes":""},"categories":[5],"tags":[24],"class_list":["post-8111","post","type-post","status-publish","format-standard","has-post-thumbnail","hentry","category-coluna","tag-entrevista"],"_links":{"self":[{"href":"https:\/\/gilfuentes.com.br\/novo\/wp-json\/wp\/v2\/posts\/8111","targetHints":{"allow":["GET"]}}],"collection":[{"href":"https:\/\/gilfuentes.com.br\/novo\/wp-json\/wp\/v2\/posts"}],"about":[{"href":"https:\/\/gilfuentes.com.br\/novo\/wp-json\/wp\/v2\/types\/post"}],"author":[{"embeddable":true,"href":"https:\/\/gilfuentes.com.br\/novo\/wp-json\/wp\/v2\/users\/1"}],"replies":[{"embeddable":true,"href":"https:\/\/gilfuentes.com.br\/novo\/wp-json\/wp\/v2\/comments?post=8111"}],"version-history":[{"count":5,"href":"https:\/\/gilfuentes.com.br\/novo\/wp-json\/wp\/v2\/posts\/8111\/revisions"}],"predecessor-version":[{"id":8118,"href":"https:\/\/gilfuentes.com.br\/novo\/wp-json\/wp\/v2\/posts\/8111\/revisions\/8118"}],"wp:featuredmedia":[{"embeddable":true,"href":"https:\/\/gilfuentes.com.br\/novo\/wp-json\/wp\/v2\/media\/8113"}],"wp:attachment":[{"href":"https:\/\/gilfuentes.com.br\/novo\/wp-json\/wp\/v2\/media?parent=8111"}],"wp:term":[{"taxonomy":"category","embeddable":true,"href":"https:\/\/gilfuentes.com.br\/novo\/wp-json\/wp\/v2\/categories?post=8111"},{"taxonomy":"post_tag","embeddable":true,"href":"https:\/\/gilfuentes.com.br\/novo\/wp-json\/wp\/v2\/tags?post=8111"}],"curies":[{"name":"wp","href":"https:\/\/api.w.org\/{rel}","templated":true}]}}