{"id":9578,"date":"2013-09-27T18:20:14","date_gmt":"2013-09-27T18:20:14","guid":{"rendered":"https:\/\/gilfuentes.com.br\/novo\/?p=9578"},"modified":"2013-09-27T18:20:14","modified_gmt":"2013-09-27T18:20:14","slug":"renata-vasconcellos-assume-o-fantastico","status":"publish","type":"post","link":"https:\/\/gilfuentes.com.br\/novo\/renata-vasconcellos-assume-o-fantastico","title":{"rendered":"Renata Vasconcellos assume o Fant\u00e1stico"},"content":{"rendered":"<p>Em \u00e9pocas de mudan\u00e7a na Globo, Zeca Camargo vai mesmo deixar o Fant\u00e1stico e assumir a revista eletr\u00f4nica di\u00e1ria, Video Show. Al\u00e9m de Zeca Camargo, Renata Ceribelli deixa a frente do programa e torna-se, em janeiro, rep\u00f3rter do dominical em Nova York. A atra\u00e7\u00e3o vinha procurando um nome para assumir a reportagem nos EUA, e Ceribelli aceitou o desafio.<\/p>\n<p>&nbsp;<\/p>\n<p>Renata Vasconcellos deixa o &#8220;Bom Dia Brasil&#8221; e assume, em 6 de outubro, o &#8220;Fant\u00e1stico&#8221; ao lado de Tadeu Schmidt. O programa volta a ter uma dupla de apresentadores, em vez de tr\u00eas. Ana Paulo Ara\u00fajo deixa o &#8220;RJTV&#8221; para assumir o &#8220;Bom Dia Brasil&#8221;, e Mariana Gross passa a apresentar o jornal local do Rio. As mudan\u00e7as ser\u00e3o anunciadas no &#8220;Fant\u00e1stico&#8221; neste domingo (29\/9).<\/p>\n","protected":false},"excerpt":{"rendered":"<p>Em \u00e9pocas de mudan\u00e7a na Globo, Zeca Camargo vai mesmo deixar o Fant\u00e1stico e assumir a revista eletr\u00f4nica di\u00e1ria, Video [&hellip;]<\/p>\n","protected":false},"author":1,"featured_media":9579,"comment_status":"closed","ping_status":"closed","sticky":false,"template":"","format":"standard","meta":{"footnotes":""},"categories":[5,8],"tags":[],"class_list":["post-9578","post","type-post","status-publish","format-standard","has-post-thumbnail","hentry","category-coluna","category-noticias"],"_links":{"self":[{"href":"https:\/\/gilfuentes.com.br\/novo\/wp-json\/wp\/v2\/posts\/9578","targetHints":{"allow":["GET"]}}],"collection":[{"href":"https:\/\/gilfuentes.com.br\/novo\/wp-json\/wp\/v2\/posts"}],"about":[{"href":"https:\/\/gilfuentes.com.br\/novo\/wp-json\/wp\/v2\/types\/post"}],"author":[{"embeddable":true,"href":"https:\/\/gilfuentes.com.br\/novo\/wp-json\/wp\/v2\/users\/1"}],"replies":[{"embeddable":true,"href":"https:\/\/gilfuentes.com.br\/novo\/wp-json\/wp\/v2\/comments?post=9578"}],"version-history":[{"count":2,"href":"https:\/\/gilfuentes.com.br\/novo\/wp-json\/wp\/v2\/posts\/9578\/revisions"}],"predecessor-version":[{"id":9581,"href":"https:\/\/gilfuentes.com.br\/novo\/wp-json\/wp\/v2\/posts\/9578\/revisions\/9581"}],"wp:featuredmedia":[{"embeddable":true,"href":"https:\/\/gilfuentes.com.br\/novo\/wp-json\/wp\/v2\/media\/9579"}],"wp:attachment":[{"href":"https:\/\/gilfuentes.com.br\/novo\/wp-json\/wp\/v2\/media?parent=9578"}],"wp:term":[{"taxonomy":"category","embeddable":true,"href":"https:\/\/gilfuentes.com.br\/novo\/wp-json\/wp\/v2\/categories?post=9578"},{"taxonomy":"post_tag","embeddable":true,"href":"https:\/\/gilfuentes.com.br\/novo\/wp-json\/wp\/v2\/tags?post=9578"}],"curies":[{"name":"wp","href":"https:\/\/api.w.org\/{rel}","templated":true}]}}